{"id":159,"date":"2016-05-01T21:11:43","date_gmt":"2016-05-01T19:11:43","guid":{"rendered":"http:\/\/fomentculturacornella.cat\/?p=159"},"modified":"2016-05-01T21:13:34","modified_gmt":"2016-05-01T19:13:34","slug":"properes-actuacions-a-cornella","status":"publish","type":"post","link":"https:\/\/fomentculturacornella.cat\/index.php\/2016\/05\/01\/properes-actuacions-a-cornella\/","title":{"rendered":"Properes actuacions a Cornell\u00e0"},"content":{"rendered":"<p>El cap de setmana del 13, 14 i 15 de maig estarem molt ocupats i ocupades.<br \/>\nDivendres 13 Correfoc al Barri Riera.<br \/>\nDissabte 14 Cercavila al Barri Riera.<br \/>\nDiumenge 15 Cercavila a Sant Ildefons amb el Centre Cultural La Segarra.<br \/>\nRecordeu que podeu consultar el calendari de sortides de totes les nostres seccions a la p\u00e0gina principal.<br \/>\nEns veiem!!<\/p>\n","protected":false},"excerpt":{"rendered":"<p>El cap de setmana del 13, 14 i 15 de maig estarem molt ocupats i ocupades. Divendres 13 Correfoc al Barri Riera. Dissabte 14 Cercavila al Barri Riera. Diumenge 15 Cercavila a Sant Ildefons amb el Centre Cultural La Segarra. Recordeu que podeu consultar el calendari de sortides de totes les nostres seccions a la &hellip; <a href=\"https:\/\/fomentculturacornella.cat\/index.php\/2016\/05\/01\/properes-actuacions-a-cornella\/\" class=\"more-link\">Continua llegint <span class=\"screen-reader-text\">\u00abProperes actuacions a Cornell\u00e0\u00bb<\/span><\/a><\/p>\n","protected":false},"author":1,"featured_media":0,"comment_status":"open","ping_status":"open","sticky":false,"template":"","format":"gallery","meta":{"jetpack_post_was_ever_published":false,"jetpack_publicize_message":"","jetpack_is_tweetstorm":false,"jetpack_publicize_feature_enabled":true,"jetpack_social_options":[]},"categories":[4],"tags":[7],"jetpack_publicize_connections":[],"jetpack_featured_media_url":"","jetpack_sharing_enabled":true,"jetpack_shortlink":"https:\/\/wp.me\/p7uPvF-2z","jetpack-related-posts":[{"id":378,"url":"https:\/\/fomentculturacornella.cat\/index.php\/2017\/05\/14\/divendres-19-i-dissabte-20-de-maig-ens-veiem-al-barri-riera-de-cornella\/","url_meta":{"origin":159,"position":0},"title":"Divendres 19 i dissabte 20 de maig ens veiem al Barri Riera de Cornell\u00e0","date":"14 de maig de 2017","format":"status","excerpt":"Divendres 19 els nostres Diables i Diablesses de Cua, amb Tabalers de Cua actuen al correfoc del Barri Riera de Cornell\u00e0 de Llobregat. Comencen a les 20:30 amb els Tabalers i a les 21:00 arrenca el correfoc, tot davant de l'Associaci\u00f3 de Ve\u00efns del barri, al carrer Sant Jeroni. Dissabte\u2026","rel":"","context":"In &quot;Not\u00edcies Dracs i Diables&quot;","img":{"alt_text":"","src":"https:\/\/i0.wp.com\/fomentculturacornella.cat\/wp-content\/uploads\/2017\/05\/riera.jpg?resize=350%2C200","width":350,"height":200},"classes":[]},{"id":477,"url":"https:\/\/fomentculturacornella.cat\/index.php\/2017\/10\/02\/cercavila-festes-del-barri-pedro\/","url_meta":{"origin":159,"position":1},"title":"Cercavila festes del barri Pedr\u00f3","date":"2 d'octubre de 2017","format":"status","excerpt":"El nostre Drac d'aigua, els Tabalers de Cua, els Geganters\/es de Cornell\u00e0 i les gralles i tabals de gegants van sortir, sense por a la pluja, a animar el barri del Pedr\u00f3. Clica la imatge per veure la galeria.","rel":"","context":"In &quot;Galeria de fotos i v\u00eddeos&quot;","img":{"alt_text":"","src":"https:\/\/i0.wp.com\/fomentculturacornella.cat\/wp-content\/uploads\/2017\/10\/DSCN4698.jpg?resize=350%2C200","width":350,"height":200},"classes":[]},{"id":177,"url":"https:\/\/fomentculturacornella.cat\/index.php\/2016\/05\/14\/177\/","url_meta":{"origin":159,"position":2},"title":"Galeria multim\u00e8dia","date":"14 de maig de 2016","format":"status","excerpt":"Aqu\u00ed podeu veure algunes fotos i v\u00eddeos de les nostres seccions. Canal Youtube Tabalers de Cua Tabalada Castellgal\u00ed 2016 Cercavila Riera 2016 Correfoc Riera 2016 XXI Trobada Gegantera Cornell\u00e0 2016 XXI Trobada Gegantera Cornell\u00e0 2016(2) Participaci\u00f3 de les gralles i tabals de Geganters de Cornell\u00e0 a les Matinades 2016 Corpus\u2026","rel":"","context":"In &quot;Galeria de fotos i v\u00eddeos&quot;","img":{"alt_text":"","src":"","width":0,"height":0},"classes":[]},{"id":467,"url":"https:\/\/fomentculturacornella.cat\/index.php\/2017\/09\/28\/festes-de-sant-miquel-al-barri-pedro\/","url_meta":{"origin":159,"position":3},"title":"Festes de Sant Miquel al barri Pedr\u00f3","date":"28 de setembre de 2017","format":"status","excerpt":"Aquest divendres 29 comencem la nostra participaci\u00f3 a les festes del nostre barri, el Pedr\u00f3. A les 20:30 correfoc infantil amb els Diablets de Cua. A les 21:30 correfoc adult amb Cua de Drac i Diables de Cornell\u00e0. Dissabte a les 11:00 actuaci\u00f3 dels Petits Tabalers de Cua i a\u2026","rel":"","context":"In &quot;Noticies Diablets de Cua&quot;","img":{"alt_text":"","src":"","width":0,"height":0},"classes":[]},{"id":598,"url":"https:\/\/fomentculturacornella.cat\/index.php\/2018\/09\/30\/cercavila-barri-pedro-2018\/","url_meta":{"origin":159,"position":4},"title":"Cercavila Barri Pedr\u00f3 2018","date":"30 de setembre de 2018","format":"status","excerpt":"https:\/\/photos.app.goo.gl\/sgGJjV1fQA9pUCCw7","rel":"","context":"In &quot;Sin categor\u00eda&quot;","img":{"alt_text":"","src":"https:\/\/i0.wp.com\/fomentculturacornella.cat\/wp-content\/uploads\/2018\/09\/dscn92713896631760615118016.jpg?resize=350%2C200&ssl=1","width":350,"height":200},"classes":[]},{"id":167,"url":"https:\/\/fomentculturacornella.cat\/index.php\/2016\/05\/12\/cercavila-per-al-centre-cultural-la-segarra\/","url_meta":{"origin":159,"position":5},"title":"Cercavila per al centre cultural &#8220;La Segarra&#8221;","date":"12 de maig de 2016","format":"status","excerpt":"Els companys del C.C. La Segarra presenten la seva VII Festa de la Primavera i fan menci\u00f3 dels nostres tabalers a la seva cercavila del diumenge 15 de maig. http:\/\/www.informatiucomarcal.com\/#\/noticia\/4360","rel":"","context":"In &quot;Not\u00edcies Tabalers&quot;","img":{"alt_text":"DSCN7829","src":"https:\/\/i0.wp.com\/fomentculturacornella.cat\/wp-content\/uploads\/2016\/05\/DSCN7829-150x150.jpg?resize=350%2C200","width":350,"height":200},"classes":[]}],"_links":{"self":[{"href":"https:\/\/fomentculturacornella.cat\/index.php\/wp-json\/wp\/v2\/posts\/159"}],"collection":[{"href":"https:\/\/fomentculturacornella.cat\/index.php\/wp-json\/wp\/v2\/posts"}],"about":[{"href":"https:\/\/fomentculturacornella.cat\/index.php\/wp-json\/wp\/v2\/types\/post"}],"author":[{"embeddable":true,"href":"https:\/\/fomentculturacornella.cat\/index.php\/wp-json\/wp\/v2\/users\/1"}],"replies":[{"embeddable":true,"href":"https:\/\/fomentculturacornella.cat\/index.php\/wp-json\/wp\/v2\/comments?post=159"}],"version-history":[{"count":3,"href":"https:\/\/fomentculturacornella.cat\/index.php\/wp-json\/wp\/v2\/posts\/159\/revisions"}],"predecessor-version":[{"id":162,"href":"https:\/\/fomentculturacornella.cat\/index.php\/wp-json\/wp\/v2\/posts\/159\/revisions\/162"}],"wp:attachment":[{"href":"https:\/\/fomentculturacornella.cat\/index.php\/wp-json\/wp\/v2\/media?parent=159"}],"wp:term":[{"taxonomy":"category","embeddable":true,"href":"https:\/\/fomentculturacornella.cat\/index.php\/wp-json\/wp\/v2\/categories?post=159"},{"taxonomy":"post_tag","embeddable":true,"href":"https:\/\/fomentculturacornella.cat\/index.php\/wp-json\/wp\/v2\/tags?post=159"}],"curies":[{"name":"wp","href":"https:\/\/api.w.org\/{rel}","templated":true}]}}