{"id":222,"date":"2016-10-30T22:30:26","date_gmt":"2016-10-30T21:30:26","guid":{"rendered":"http:\/\/fomentculturacornella.cat\/?p=222"},"modified":"2016-10-31T01:46:12","modified_gmt":"2016-10-31T00:46:12","slug":"tabalers-de-cua-1r-premi-percussio-bestial","status":"publish","type":"post","link":"https:\/\/fomentculturacornella.cat\/index.php\/2016\/10\/30\/tabalers-de-cua-1r-premi-percussio-bestial\/","title":{"rendered":"Tabalers de Cua 1r Premi &#8220;Percussi\u00f3 Bestial&#8221;"},"content":{"rendered":"<p>Avui 30 d&#8217;octubre els Tabalers de Cua de Drac han guanyat el concurs &#8220;Percussi\u00f3 Bestial&#8221; celebrat a Cornell\u00e0 de Llobregat durant la Trobada de Bestiari del Baix Llobregat 2016.<\/p>\n<p>Gr\u00e0cies a TOTS I TOTES les persones membres del grup.<\/p>\n<p>Gr\u00e0cies a Foment de Cultura Popular de Cornell\u00e0, entitat a la que pertanyem.<\/p>\n<p>Gr\u00e0cies a l&#8217;organitzaci\u00f3 de la Trobada de Bestiari.<\/p>\n<p>Gr\u00e0cies al p\u00fablic que ens segueix i ens anima a millorar cada dia.<\/p>\n<p>Gr\u00e0cies.<\/p>\n<p>Aqu\u00ed podeu veure la nostra actuaci\u00f3.<\/p>\n<p><a href=\"https:\/\/www.youtube.com\/watch?v=eIeiRjgTHYs&amp;feature=youtu.be\">VIDEO<\/a><\/p>\n<p>&nbsp;<\/p>\n","protected":false},"excerpt":{"rendered":"<p>Avui 30 d&#8217;octubre els Tabalers de Cua de Drac han guanyat el concurs &#8220;Percussi\u00f3 Bestial&#8221; celebrat a Cornell\u00e0 de Llobregat durant la Trobada de Bestiari del Baix Llobregat 2016. Gr\u00e0cies a TOTS I TOTES les persones membres del grup. Gr\u00e0cies a Foment de Cultura Popular de Cornell\u00e0, entitat a la que pertanyem. Gr\u00e0cies a l&#8217;organitzaci\u00f3 &hellip; <a href=\"https:\/\/fomentculturacornella.cat\/index.php\/2016\/10\/30\/tabalers-de-cua-1r-premi-percussio-bestial\/\" class=\"more-link\">Continua llegint <span class=\"screen-reader-text\">\u00abTabalers de Cua 1r Premi &#8220;Percussi\u00f3 Bestial&#8221;\u00bb<\/span><\/a><\/p>\n","protected":false},"author":1,"featured_media":0,"comment_status":"open","ping_status":"open","sticky":false,"template":"","format":"status","meta":{"jetpack_post_was_ever_published":false,"jetpack_publicize_message":"","jetpack_is_tweetstorm":false,"jetpack_publicize_feature_enabled":true,"jetpack_social_options":[]},"categories":[4],"tags":[16,7],"jetpack_publicize_connections":[],"jetpack_featured_media_url":"","jetpack_sharing_enabled":true,"jetpack_shortlink":"https:\/\/wp.me\/p7uPvF-3A","jetpack-related-posts":[{"id":906,"url":"https:\/\/fomentculturacornella.cat\/index.php\/2021\/12\/11\/1a-trobada-de-besties-al-papiol\/","url_meta":{"origin":222,"position":0},"title":"1a Trobada de B\u00e8sties al Papiol","date":"11 de desembre de 2021","format":false,"excerpt":"Dissabte 11 de desembre de 2021 vam tenir el honor de participar a la 1a Trobada de B\u00e8sties del Papiol. Gr\u00e0cies al Grup de Diables del Papiol per convidar-nos i enhorabona. Esperem trobar-nos aviat! Galeria d'imatges","rel":"","context":"In &quot;Galeria de fotos i v\u00eddeos&quot;","img":{"alt_text":"","src":"https:\/\/i0.wp.com\/fomentculturacornella.cat\/wp-content\/uploads\/2021\/12\/IMG-20211211-WA0019.jpg?resize=350%2C200&ssl=1","width":350,"height":200},"classes":[]},{"id":447,"url":"https:\/\/fomentculturacornella.cat\/index.php\/2017\/09\/24\/iii-tabalada-de-cua\/","url_meta":{"origin":222,"position":1},"title":"III Tabalada de Cua","date":"24 de setembre de 2017","format":"status","excerpt":"Dissabte 23 de setembre Tabalers de Cua vam organitzar la III Tabalada de Cua de Cornell\u00e0. Van venir a tocar amb nosaltres \"\u00c0nimes de so\" de Mallorca, \"Toquikitoqui\" de Santa Coloma de Cervell\u00f3 i \"Diables de Barber\u00e0 del Vall\u00e8s\". Gr\u00e0cies a tots i totes!! Aqu\u00ed teniu l'\u00e0lbum.","rel":"","context":"In &quot;Galeria de fotos i v\u00eddeos&quot;","img":{"alt_text":"","src":"","width":0,"height":0},"classes":[]},{"id":378,"url":"https:\/\/fomentculturacornella.cat\/index.php\/2017\/05\/14\/divendres-19-i-dissabte-20-de-maig-ens-veiem-al-barri-riera-de-cornella\/","url_meta":{"origin":222,"position":2},"title":"Divendres 19 i dissabte 20 de maig ens veiem al Barri Riera de Cornell\u00e0","date":"14 de maig de 2017","format":"status","excerpt":"Divendres 19 els nostres Diables i Diablesses de Cua, amb Tabalers de Cua actuen al correfoc del Barri Riera de Cornell\u00e0 de Llobregat. Comencen a les 20:30 amb els Tabalers i a les 21:00 arrenca el correfoc, tot davant de l'Associaci\u00f3 de Ve\u00efns del barri, al carrer Sant Jeroni. Dissabte\u2026","rel":"","context":"In &quot;Not\u00edcies Dracs i Diables&quot;","img":{"alt_text":"","src":"https:\/\/i0.wp.com\/fomentculturacornella.cat\/wp-content\/uploads\/2017\/05\/riera.jpg?resize=350%2C200","width":350,"height":200},"classes":[]},{"id":177,"url":"https:\/\/fomentculturacornella.cat\/index.php\/2016\/05\/14\/177\/","url_meta":{"origin":222,"position":3},"title":"Galeria multim\u00e8dia","date":"14 de maig de 2016","format":"status","excerpt":"Aqu\u00ed podeu veure algunes fotos i v\u00eddeos de les nostres seccions. Canal Youtube Tabalers de Cua Tabalada Castellgal\u00ed 2016 Cercavila Riera 2016 Correfoc Riera 2016 XXI Trobada Gegantera Cornell\u00e0 2016 XXI Trobada Gegantera Cornell\u00e0 2016(2) Participaci\u00f3 de les gralles i tabals de Geganters de Cornell\u00e0 a les Matinades 2016 Corpus\u2026","rel":"","context":"In &quot;Galeria de fotos i v\u00eddeos&quot;","img":{"alt_text":"","src":"","width":0,"height":0},"classes":[]},{"id":570,"url":"https:\/\/fomentculturacornella.cat\/index.php\/2018\/03\/18\/festa-del-riu-2018-a-cornella-de-llobregat\/","url_meta":{"origin":222,"position":4},"title":"Festa del Riu 2018 a Cornell\u00e0 de Llobregat","date":"18 de mar\u00e7 de 2018","format":"status","excerpt":"Els nostres Tabalers de Cua animant la Festa del Riu. https:\/\/photos.app.goo.gl\/dN0RhYqd0PeeEa6h1","rel":"","context":"In &quot;Galeria de fotos i v\u00eddeos&quot;","img":{"alt_text":"","src":"","width":0,"height":0},"classes":[]},{"id":231,"url":"https:\/\/fomentculturacornella.cat\/index.php\/2017\/02\/26\/els-tabals-petits-reben-el-carnestoltes-a-lescola-sant-miquel\/","url_meta":{"origin":222,"position":5},"title":"Els tabals petits reben el Carnestoltes a l&#8217;Escola Sant Miquel","date":"26 de febrer de 2017","format":"status","excerpt":"Aquest passat dijous 23 de febrer el Carnestoltes de l'Escola Sant Miquel de Cornell\u00e0 va estar acompanyat pels membres del nostre grup de tabals petits que s\u00f3n alumnes de l'escola. Donem les gr\u00e0cies al centre per deixar-nos participar. V\u00eddeo (petita mostra) \u00a0","rel":"","context":"In &quot;Not\u00edcies Tabalers&quot;","img":{"alt_text":"","src":"","width":0,"height":0},"classes":[]}],"_links":{"self":[{"href":"https:\/\/fomentculturacornella.cat\/index.php\/wp-json\/wp\/v2\/posts\/222"}],"collection":[{"href":"https:\/\/fomentculturacornella.cat\/index.php\/wp-json\/wp\/v2\/posts"}],"about":[{"href":"https:\/\/fomentculturacornella.cat\/index.php\/wp-json\/wp\/v2\/types\/post"}],"author":[{"embeddable":true,"href":"https:\/\/fomentculturacornella.cat\/index.php\/wp-json\/wp\/v2\/users\/1"}],"replies":[{"embeddable":true,"href":"https:\/\/fomentculturacornella.cat\/index.php\/wp-json\/wp\/v2\/comments?post=222"}],"version-history":[{"count":2,"href":"https:\/\/fomentculturacornella.cat\/index.php\/wp-json\/wp\/v2\/posts\/222\/revisions"}],"predecessor-version":[{"id":224,"href":"https:\/\/fomentculturacornella.cat\/index.php\/wp-json\/wp\/v2\/posts\/222\/revisions\/224"}],"wp:attachment":[{"href":"https:\/\/fomentculturacornella.cat\/index.php\/wp-json\/wp\/v2\/media?parent=222"}],"wp:term":[{"taxonomy":"category","embeddable":true,"href":"https:\/\/fomentculturacornella.cat\/index.php\/wp-json\/wp\/v2\/categories?post=222"},{"taxonomy":"post_tag","embeddable":true,"href":"https:\/\/fomentculturacornella.cat\/index.php\/wp-json\/wp\/v2\/tags?post=222"}],"curies":[{"name":"wp","href":"https:\/\/api.w.org\/{rel}","templated":true}]}}