{"id":293,"date":"2017-04-15T13:45:50","date_gmt":"2017-04-15T11:45:50","guid":{"rendered":"http:\/\/fomentculturacornella.cat\/?p=293"},"modified":"2017-04-15T13:45:50","modified_gmt":"2017-04-15T11:45:50","slug":"actes-de-la-25a-jordiada","status":"publish","type":"post","link":"https:\/\/fomentculturacornella.cat\/index.php\/2017\/04\/15\/actes-de-la-25a-jordiada\/","title":{"rendered":"Actes de la 25a Jordiada"},"content":{"rendered":"<p>Ja tenim a tocar la 25a Jordiada. Consulteu totes les activitats al programa oficial i tamb\u00e9 a la p\u00e0gina <a href=\"http:\/\/www.queferacornella.cat\/festivals-i-fires\/jordiada-a-cornella-vint-i-cinc-anys-de-passio\/\">Qu\u00e8 fer a Cornell\u00e0.<\/a><\/p>\n<p><img data-attachment-id=\"294\" data-permalink=\"https:\/\/fomentculturacornella.cat\/index.php\/2017\/04\/15\/actes-de-la-25a-jordiada\/jordiada-gegants\/\" data-orig-file=\"https:\/\/i0.wp.com\/fomentculturacornella.cat\/wp-content\/uploads\/2017\/04\/jordiada-gegants.jpg?fit=646%2C351&amp;ssl=1\" data-orig-size=\"646,351\" data-comments-opened=\"1\" data-image-meta=\"{&quot;aperture&quot;:&quot;0&quot;,&quot;credit&quot;:&quot;&quot;,&quot;camera&quot;:&quot;&quot;,&quot;caption&quot;:&quot;&quot;,&quot;created_timestamp&quot;:&quot;0&quot;,&quot;copyright&quot;:&quot;&quot;,&quot;focal_length&quot;:&quot;0&quot;,&quot;iso&quot;:&quot;0&quot;,&quot;shutter_speed&quot;:&quot;0&quot;,&quot;title&quot;:&quot;&quot;,&quot;orientation&quot;:&quot;0&quot;}\" data-image-title=\"jordiada gegants\" data-image-description=\"\" data-image-caption=\"\" data-medium-file=\"https:\/\/i0.wp.com\/fomentculturacornella.cat\/wp-content\/uploads\/2017\/04\/jordiada-gegants.jpg?fit=300%2C163&amp;ssl=1\" data-large-file=\"https:\/\/i0.wp.com\/fomentculturacornella.cat\/wp-content\/uploads\/2017\/04\/jordiada-gegants.jpg?fit=646%2C351&amp;ssl=1\" decoding=\"async\" loading=\"lazy\" class=\"aligncenter wp-image-294 size-full\" src=\"https:\/\/i0.wp.com\/fomentculturacornella.cat\/wp-content\/uploads\/2017\/04\/jordiada-gegants.jpg?resize=646%2C351&#038;ssl=1\" alt=\"\" width=\"646\" height=\"351\" srcset=\"https:\/\/i0.wp.com\/fomentculturacornella.cat\/wp-content\/uploads\/2017\/04\/jordiada-gegants.jpg?w=646&amp;ssl=1 646w, https:\/\/i0.wp.com\/fomentculturacornella.cat\/wp-content\/uploads\/2017\/04\/jordiada-gegants.jpg?resize=300%2C163&amp;ssl=1 300w\" sizes=\"(max-width: 709px) 85vw, (max-width: 909px) 67vw, (max-width: 984px) 61vw, (max-width: 1362px) 45vw, 600px\" data-recalc-dims=\"1\" \/><\/p>\n","protected":false},"excerpt":{"rendered":"<p>Ja tenim a tocar la 25a Jordiada. Consulteu totes les activitats al programa oficial i tamb\u00e9 a la p\u00e0gina Qu\u00e8 fer a Cornell\u00e0.<\/p>\n","protected":false},"author":1,"featured_media":0,"comment_status":"open","ping_status":"open","sticky":false,"template":"","format":"status","meta":{"jetpack_post_was_ever_published":false,"jetpack_publicize_message":"","jetpack_is_tweetstorm":false,"jetpack_publicize_feature_enabled":true,"jetpack_social_options":[]},"categories":[5,3,4],"tags":[8,23,24,28],"jetpack_publicize_connections":[],"jetpack_featured_media_url":"","jetpack_sharing_enabled":true,"jetpack_shortlink":"https:\/\/wp.me\/p7uPvF-4J","jetpack-related-posts":[{"id":302,"url":"https:\/\/fomentculturacornella.cat\/index.php\/2017\/04\/24\/foto-de-familia-de-foment-a-la-25a-jordiada-de-cornella-de-llobregat\/","url_meta":{"origin":293,"position":0},"title":"Foto de fam\u00edlia de &#8220;Foment&#8221; a la 25a Jordiada de Cornell\u00e0 de Llobregat\u00a0","date":"24 d'abril de 2017","format":false,"excerpt":"No hi som tots i totes en persona, per\u00f2 s\u00ed en esperit. For\u00e7a Foment!!!","rel":"","context":"In &quot;Galeria de fotos i v\u00eddeos&quot;","img":{"alt_text":"","src":"https:\/\/i0.wp.com\/fomentculturacornella.cat\/wp-content\/uploads\/2017\/04\/wp-image-500842777jpg.jpg?resize=350%2C200","width":350,"height":200},"classes":[]},{"id":581,"url":"https:\/\/fomentculturacornella.cat\/index.php\/2018\/04\/11\/jordiada-2018\/","url_meta":{"origin":293,"position":1},"title":"Jordiada 2018","date":"11 d'abril de 2018","format":"status","excerpt":"Programa de la Jordiada","rel":"","context":"In &quot;Noticies Diablets de Cua&quot;","img":{"alt_text":"","src":"https:\/\/i0.wp.com\/fomentculturacornella.cat\/wp-content\/uploads\/2018\/04\/20180411_220757677165957.jpg?resize=350%2C200","width":350,"height":200},"classes":[]},{"id":954,"url":"https:\/\/fomentculturacornella.cat\/index.php\/2022\/12\/18\/recollida-joguines-creu-roja-2022\/","url_meta":{"origin":293,"position":2},"title":"Recollida Joguines Creu Roja 2022","date":"18 de desembre de 2022","format":false,"excerpt":"Dissabte 17 de desembre vam col\u00b7laborar amb Creu Roja de Cornell\u00e0 de Llobregat a la recollida de joguines. RECOLLIDA JOGUINES CREU ROJA","rel":"","context":"In &quot;Galeria de fotos i v\u00eddeos&quot;","img":{"alt_text":"","src":"","width":0,"height":0},"classes":[]},{"id":574,"url":"https:\/\/fomentculturacornella.cat\/index.php\/2018\/04\/10\/20-aniversari-dracs-de-cua\/","url_meta":{"origin":293,"position":3},"title":"20 Aniversari Dracs de Cua","date":"10 d'abril de 2018","format":"status","excerpt":"Divendres 13 d'abril, en acabar l'acte d'inauguraci\u00f3 de la Jordiada 2018, al castell de Cornell\u00e0 de Llobregat, tindr\u00e0 lloc la celebraci\u00f3 del 20 aniversari dels Dracs de Cua. A partir de les 20:45 aproximadament. Esteu totes i tots convidats! Foc, tabals i gralles units en una gran nit!","rel":"","context":"In &quot;Not\u00edcies Dracs i Diables&quot;","img":{"alt_text":"aniversari dracs","src":"https:\/\/i0.wp.com\/fomentculturacornella.cat\/wp-content\/uploads\/2018\/04\/aniversari-dracs.jpg?resize=350%2C200","width":350,"height":200},"classes":[]},{"id":238,"url":"https:\/\/fomentculturacornella.cat\/index.php\/2017\/02\/26\/carnaval-2017-a-cornella\/","url_meta":{"origin":293,"position":4},"title":"Carnaval 2017 a Cornell\u00e0","date":"26 de febrer de 2017","format":"status","excerpt":"Aquest any m\u00e9s de 60 membres de Foment de Cultura han participat a la rua de Carnestoltes de Cornell\u00e0 de Llobregat amb una comparsa anomenada \"Els amics del Maginet\". Ha estat una bonica manera de donar-li la benvinguda a la colla al seu gegant\u00f3. Fotos Carnestoltes 2017","rel":"","context":"In &quot;Not\u00edcies Dracs i Diables&quot;","img":{"alt_text":"","src":"","width":0,"height":0},"classes":[]},{"id":501,"url":"https:\/\/fomentculturacornella.cat\/index.php\/2017\/12\/22\/santa-llucia-cornella-2017\/","url_meta":{"origin":293,"position":5},"title":"Santa Ll\u00facia Cornell\u00e0 2017","date":"22 de desembre de 2017","format":"status","excerpt":"Imatges de la nostra participaci\u00f3 a la Fira de Santa Ll\u00facia de Cornell\u00e0, organitzada per Crear Cornell\u00e0. Recaptaci\u00f3 donada a la Marat\u00f3 de TV3. .","rel":"","context":"In &quot;Galeria de fotos i v\u00eddeos&quot;","img":{"alt_text":"","src":"","width":0,"height":0},"classes":[]}],"_links":{"self":[{"href":"https:\/\/fomentculturacornella.cat\/index.php\/wp-json\/wp\/v2\/posts\/293"}],"collection":[{"href":"https:\/\/fomentculturacornella.cat\/index.php\/wp-json\/wp\/v2\/posts"}],"about":[{"href":"https:\/\/fomentculturacornella.cat\/index.php\/wp-json\/wp\/v2\/types\/post"}],"author":[{"embeddable":true,"href":"https:\/\/fomentculturacornella.cat\/index.php\/wp-json\/wp\/v2\/users\/1"}],"replies":[{"embeddable":true,"href":"https:\/\/fomentculturacornella.cat\/index.php\/wp-json\/wp\/v2\/comments?post=293"}],"version-history":[{"count":1,"href":"https:\/\/fomentculturacornella.cat\/index.php\/wp-json\/wp\/v2\/posts\/293\/revisions"}],"predecessor-version":[{"id":295,"href":"https:\/\/fomentculturacornella.cat\/index.php\/wp-json\/wp\/v2\/posts\/293\/revisions\/295"}],"wp:attachment":[{"href":"https:\/\/fomentculturacornella.cat\/index.php\/wp-json\/wp\/v2\/media?parent=293"}],"wp:term":[{"taxonomy":"category","embeddable":true,"href":"https:\/\/fomentculturacornella.cat\/index.php\/wp-json\/wp\/v2\/categories?post=293"},{"taxonomy":"post_tag","embeddable":true,"href":"https:\/\/fomentculturacornella.cat\/index.php\/wp-json\/wp\/v2\/tags?post=293"}],"curies":[{"name":"wp","href":"https:\/\/api.w.org\/{rel}","templated":true}]}}