{"id":326,"date":"2017-05-01T00:13:20","date_gmt":"2017-04-30T22:13:20","guid":{"rendered":"http:\/\/fomentculturacornella.cat\/?p=326"},"modified":"2017-05-01T00:17:38","modified_gmt":"2017-04-30T22:17:38","slug":"correfoc-barri-fontsana-fatjo","status":"publish","type":"post","link":"https:\/\/fomentculturacornella.cat\/index.php\/2017\/05\/01\/correfoc-barri-fontsana-fatjo\/","title":{"rendered":"Correfoc Barri Fontsanta-Fatj\u00f3"},"content":{"rendered":"<p><a href=\"https:\/\/fomentculturacornella.cat\/wp-content\/uploads\/2017\/04\/cartellfontsanta-2017.pdf\">Cartell Fontsanta-Fatj\u00f3 2017<\/a><\/p>\n<p>Divendres 5 de maig podreu gaudir dels nostres Tabalers de Cua a les 20:30 davant de l&#8217;hotel NH, just abans del correfoc, a les 21:00, on participaran els nostres Diables i Diablesses de Cua.<\/p>\n<p>Seguiu totes les recomanacions de seguretat pel b\u00e9 de la festa.<\/p>\n<p><a href=\"https:\/\/i0.wp.com\/fomentculturacornella.cat\/wp-content\/uploads\/2017\/05\/DSCN1403.jpg?ssl=1\"><img data-attachment-id=\"331\" data-permalink=\"https:\/\/fomentculturacornella.cat\/dscn1403\/\" data-orig-file=\"https:\/\/i0.wp.com\/fomentculturacornella.cat\/wp-content\/uploads\/2017\/05\/DSCN1403.jpg?fit=4608%2C3456&amp;ssl=1\" data-orig-size=\"4608,3456\" data-comments-opened=\"1\" data-image-meta=\"{&quot;aperture&quot;:&quot;0&quot;,&quot;credit&quot;:&quot;&quot;,&quot;camera&quot;:&quot;&quot;,&quot;caption&quot;:&quot;&quot;,&quot;created_timestamp&quot;:&quot;0&quot;,&quot;copyright&quot;:&quot;&quot;,&quot;focal_length&quot;:&quot;0&quot;,&quot;iso&quot;:&quot;0&quot;,&quot;shutter_speed&quot;:&quot;0&quot;,&quot;title&quot;:&quot;&quot;,&quot;orientation&quot;:&quot;1&quot;}\" data-image-title=\"DSCN1403\" data-image-description=\"\" data-image-caption=\"\" data-medium-file=\"https:\/\/i0.wp.com\/fomentculturacornella.cat\/wp-content\/uploads\/2017\/05\/DSCN1403.jpg?fit=300%2C225&amp;ssl=1\" data-large-file=\"https:\/\/i0.wp.com\/fomentculturacornella.cat\/wp-content\/uploads\/2017\/05\/DSCN1403.jpg?fit=840%2C630&amp;ssl=1\" decoding=\"async\" loading=\"lazy\" src=\"https:\/\/i0.wp.com\/fomentculturacornella.cat\/wp-content\/uploads\/2017\/05\/DSCN1403.jpg?resize=840%2C630&#038;ssl=1\" alt=\"\" class=\"wp-image-331 alignnone size-full\" width=\"840\" height=\"630\" srcset=\"https:\/\/i0.wp.com\/fomentculturacornella.cat\/wp-content\/uploads\/2017\/05\/DSCN1403.jpg?w=4608&amp;ssl=1 4608w, https:\/\/i0.wp.com\/fomentculturacornella.cat\/wp-content\/uploads\/2017\/05\/DSCN1403.jpg?resize=300%2C225&amp;ssl=1 300w, https:\/\/i0.wp.com\/fomentculturacornella.cat\/wp-content\/uploads\/2017\/05\/DSCN1403.jpg?resize=768%2C576&amp;ssl=1 768w, https:\/\/i0.wp.com\/fomentculturacornella.cat\/wp-content\/uploads\/2017\/05\/DSCN1403.jpg?resize=1024%2C768&amp;ssl=1 1024w, https:\/\/i0.wp.com\/fomentculturacornella.cat\/wp-content\/uploads\/2017\/05\/DSCN1403.jpg?resize=1200%2C900&amp;ssl=1 1200w, https:\/\/i0.wp.com\/fomentculturacornella.cat\/wp-content\/uploads\/2017\/05\/DSCN1403.jpg?w=1680&amp;ssl=1 1680w, https:\/\/i0.wp.com\/fomentculturacornella.cat\/wp-content\/uploads\/2017\/05\/DSCN1403.jpg?w=2520&amp;ssl=1 2520w\" sizes=\"(max-width: 709px) 85vw, (max-width: 909px) 67vw, (max-width: 1362px) 62vw, 840px\" data-recalc-dims=\"1\" \/><\/a><\/p>\n<p><!--more--><\/p>\n<p>\u200c<\/p>\n","protected":false},"excerpt":{"rendered":"<p>Cartell Fontsanta-Fatj\u00f3 2017 Divendres 5 de maig podreu gaudir dels nostres Tabalers de Cua a les 20:30 davant de l&#8217;hotel NH, just abans del correfoc, a les 21:00, on participaran els nostres Diables i Diablesses de Cua. Seguiu totes les recomanacions de seguretat pel b\u00e9 de la festa.<\/p>\n","protected":false},"author":1,"featured_media":0,"comment_status":"open","ping_status":"open","sticky":false,"template":"","format":"status","meta":{"jetpack_post_was_ever_published":false,"jetpack_publicize_message":"","jetpack_is_tweetstorm":false,"jetpack_publicize_feature_enabled":true,"jetpack_social_options":[]},"categories":[5,4],"tags":[],"jetpack_publicize_connections":[],"jetpack_featured_media_url":"","jetpack_sharing_enabled":true,"jetpack_shortlink":"https:\/\/wp.me\/p7uPvF-5g","jetpack-related-posts":[{"id":335,"url":"https:\/\/fomentculturacornella.cat\/index.php\/2017\/05\/07\/imatges-i-videos-del-correfoc-de-fontsanta-fatjo-cornella\/","url_meta":{"origin":326,"position":0},"title":"Imatges i v\u00eddeos del Correfoc de Fontsanta-Fatj\u00f3 (Cornell\u00e0)","date":"7 de maig de 2017","format":"status","excerpt":"Al seg\u00fcent enlla\u00e7 trobareu un \u00e0lbum amb les imatges de la festa de foc que els nostres Diables, Diablesses, Dracs i Tabals van organitzar al barri Fontsanta-Fatj\u00f3 de Cornell\u00e0 de Llobregat. Fontsanta-Fatj\u00f3 \u00a0","rel":"","context":"In &quot;Galeria de fotos i v\u00eddeos&quot;","img":{"alt_text":"","src":"https:\/\/i0.wp.com\/fomentculturacornella.cat\/wp-content\/uploads\/2017\/05\/DSCN1998.jpg?resize=350%2C200","width":350,"height":200},"classes":[]},{"id":473,"url":"https:\/\/fomentculturacornella.cat\/index.php\/2017\/10\/02\/dracs-i-diables-al-barri-pedro\/","url_meta":{"origin":326,"position":1},"title":"Dracs i Diables de Cua al barri Pedr\u00f3","date":"2 d'octubre de 2017","format":"status","excerpt":"Imatges dels nostres Dracs i Diables de Cua, amb el Tabalers de Cua, al correfoc de les festes del barri Pedr\u00f3 de Cornell\u00e0. Clica a la imatge per veure la galeria.","rel":"","context":"In &quot;Galeria de fotos i v\u00eddeos&quot;","img":{"alt_text":"","src":"https:\/\/i0.wp.com\/fomentculturacornella.cat\/wp-content\/uploads\/2017\/10\/DSCN4608-1024x683.jpg?resize=350%2C200","width":350,"height":200},"classes":[]},{"id":378,"url":"https:\/\/fomentculturacornella.cat\/index.php\/2017\/05\/14\/divendres-19-i-dissabte-20-de-maig-ens-veiem-al-barri-riera-de-cornella\/","url_meta":{"origin":326,"position":2},"title":"Divendres 19 i dissabte 20 de maig ens veiem al Barri Riera de Cornell\u00e0","date":"14 de maig de 2017","format":"status","excerpt":"Divendres 19 els nostres Diables i Diablesses de Cua, amb Tabalers de Cua actuen al correfoc del Barri Riera de Cornell\u00e0 de Llobregat. Comencen a les 20:30 amb els Tabalers i a les 21:00 arrenca el correfoc, tot davant de l'Associaci\u00f3 de Ve\u00efns del barri, al carrer Sant Jeroni. Dissabte\u2026","rel":"","context":"In &quot;Not\u00edcies Dracs i Diables&quot;","img":{"alt_text":"","src":"https:\/\/i0.wp.com\/fomentculturacornella.cat\/wp-content\/uploads\/2017\/05\/riera.jpg?resize=350%2C200","width":350,"height":200},"classes":[]},{"id":566,"url":"https:\/\/fomentculturacornella.cat\/index.php\/2018\/03\/17\/diumenge-18-de-marc-tambe-a-terrassa\/","url_meta":{"origin":326,"position":3},"title":"Diumenge 18 de mar\u00e7 tamb\u00e9 a Terrassa!","date":"17 de mar\u00e7 de 2018","format":"status","excerpt":"A les 10 del mat\u00ed els nostres Dracs, Tabalers i Capgrossos anem de festa al barri de Can Palet a Terrassa. Recordeu que a les 12:00 la Fontsanta, la nostra geganta aiguadera, estar\u00e1 a la Festa del Riu de Cornell\u00e0 ballant per tothom. Una mica m\u00e9s tard el Tabalers de\u2026","rel":"","context":"In &quot;Not\u00edcies Dracs i Diables&quot;","img":{"alt_text":"","src":"https:\/\/i0.wp.com\/fomentculturacornella.cat\/wp-content\/uploads\/2018\/03\/dscn48141772366724.jpg?resize=350%2C200","width":350,"height":200},"classes":[]},{"id":498,"url":"https:\/\/fomentculturacornella.cat\/index.php\/2017\/10\/15\/festes-de-tardor-de-sagrada-familia\/","url_meta":{"origin":326,"position":4},"title":"Festes de Tardor de Sagrada Fam\u00edlia","date":"15 d'octubre de 2017","format":"status","excerpt":"Dissabe 14 d'octubre els nostres Diables i Tabalers de Cua van tenir la sort de ser convidats al correfoc de les Feste de Tardor de Sagrada Fam\u00edlia. Va ser una nit espectacular al millor escenari possible. Gr\u00e0cies a Farfolla i a Bestialots Espurnats per deixar-los participar. Mireu quina galeria d'imatges\u2026","rel":"","context":"In &quot;Galeria de fotos i v\u00eddeos&quot;","img":{"alt_text":"","src":"https:\/\/i0.wp.com\/fomentculturacornella.cat\/wp-content\/uploads\/2017\/10\/DSCN4988.jpg?resize=350%2C200","width":350,"height":200},"classes":[]},{"id":467,"url":"https:\/\/fomentculturacornella.cat\/index.php\/2017\/09\/28\/festes-de-sant-miquel-al-barri-pedro\/","url_meta":{"origin":326,"position":5},"title":"Festes de Sant Miquel al barri Pedr\u00f3","date":"28 de setembre de 2017","format":"status","excerpt":"Aquest divendres 29 comencem la nostra participaci\u00f3 a les festes del nostre barri, el Pedr\u00f3. A les 20:30 correfoc infantil amb els Diablets de Cua. A les 21:30 correfoc adult amb Cua de Drac i Diables de Cornell\u00e0. Dissabte a les 11:00 actuaci\u00f3 dels Petits Tabalers de Cua i a\u2026","rel":"","context":"In &quot;Noticies Diablets de Cua&quot;","img":{"alt_text":"","src":"","width":0,"height":0},"classes":[]}],"_links":{"self":[{"href":"https:\/\/fomentculturacornella.cat\/index.php\/wp-json\/wp\/v2\/posts\/326"}],"collection":[{"href":"https:\/\/fomentculturacornella.cat\/index.php\/wp-json\/wp\/v2\/posts"}],"about":[{"href":"https:\/\/fomentculturacornella.cat\/index.php\/wp-json\/wp\/v2\/types\/post"}],"author":[{"embeddable":true,"href":"https:\/\/fomentculturacornella.cat\/index.php\/wp-json\/wp\/v2\/users\/1"}],"replies":[{"embeddable":true,"href":"https:\/\/fomentculturacornella.cat\/index.php\/wp-json\/wp\/v2\/comments?post=326"}],"version-history":[{"count":3,"href":"https:\/\/fomentculturacornella.cat\/index.php\/wp-json\/wp\/v2\/posts\/326\/revisions"}],"predecessor-version":[{"id":333,"href":"https:\/\/fomentculturacornella.cat\/index.php\/wp-json\/wp\/v2\/posts\/326\/revisions\/333"}],"wp:attachment":[{"href":"https:\/\/fomentculturacornella.cat\/index.php\/wp-json\/wp\/v2\/media?parent=326"}],"wp:term":[{"taxonomy":"category","embeddable":true,"href":"https:\/\/fomentculturacornella.cat\/index.php\/wp-json\/wp\/v2\/categories?post=326"},{"taxonomy":"post_tag","embeddable":true,"href":"https:\/\/fomentculturacornella.cat\/index.php\/wp-json\/wp\/v2\/tags?post=326"}],"curies":[{"name":"wp","href":"https:\/\/api.w.org\/{rel}","templated":true}]}}