{"id":370,"date":"2017-05-14T12:31:47","date_gmt":"2017-05-14T10:31:47","guid":{"rendered":"http:\/\/fomentculturacornella.cat\/?p=370"},"modified":"2017-05-14T12:45:01","modified_gmt":"2017-05-14T10:45:01","slug":"festa-major-de-nou-barris-imatges","status":"publish","type":"post","link":"https:\/\/fomentculturacornella.cat\/index.php\/2017\/05\/14\/festa-major-de-nou-barris-imatges\/","title":{"rendered":"Festa Major de Nou Barris (imatges)"},"content":{"rendered":"<p><a href=\"https:\/\/goo.gl\/photos\/k5yiaNPfYpboNFH39\" target=\"_blank\" rel=\"noopener noreferrer\"><img data-attachment-id=\"371\" data-permalink=\"https:\/\/fomentculturacornella.cat\/index.php\/2017\/05\/14\/festa-major-de-nou-barris-imatges\/grupo-nou-barris\/\" data-orig-file=\"https:\/\/i0.wp.com\/fomentculturacornella.cat\/wp-content\/uploads\/2017\/05\/grupo-nou-barris.jpg?fit=3627%2C1998&amp;ssl=1\" data-orig-size=\"3627,1998\" data-comments-opened=\"1\" data-image-meta=\"{&quot;aperture&quot;:&quot;3&quot;,&quot;credit&quot;:&quot;Picasa&quot;,&quot;camera&quot;:&quot;COOLPIX P530&quot;,&quot;caption&quot;:&quot;&quot;,&quot;created_timestamp&quot;:&quot;1494707416&quot;,&quot;copyright&quot;:&quot;&quot;,&quot;focal_length&quot;:&quot;4.3&quot;,&quot;iso&quot;:&quot;360&quot;,&quot;shutter_speed&quot;:&quot;0.033333333333333&quot;,&quot;title&quot;:&quot;&quot;,&quot;orientation&quot;:&quot;0&quot;}\" data-image-title=\"grupo nou barris\" data-image-description=\"\" data-image-caption=\"\" data-medium-file=\"https:\/\/i0.wp.com\/fomentculturacornella.cat\/wp-content\/uploads\/2017\/05\/grupo-nou-barris.jpg?fit=300%2C165&amp;ssl=1\" data-large-file=\"https:\/\/i0.wp.com\/fomentculturacornella.cat\/wp-content\/uploads\/2017\/05\/grupo-nou-barris.jpg?fit=840%2C463&amp;ssl=1\" decoding=\"async\" loading=\"lazy\" class=\"aligncenter wp-image-371 size-large\" src=\"https:\/\/i0.wp.com\/fomentculturacornella.cat\/wp-content\/uploads\/2017\/05\/grupo-nou-barris.jpg?resize=840%2C463&#038;ssl=1\" alt=\"\" width=\"840\" height=\"463\" srcset=\"https:\/\/i0.wp.com\/fomentculturacornella.cat\/wp-content\/uploads\/2017\/05\/grupo-nou-barris.jpg?resize=1024%2C564&amp;ssl=1 1024w, https:\/\/i0.wp.com\/fomentculturacornella.cat\/wp-content\/uploads\/2017\/05\/grupo-nou-barris.jpg?resize=300%2C165&amp;ssl=1 300w, https:\/\/i0.wp.com\/fomentculturacornella.cat\/wp-content\/uploads\/2017\/05\/grupo-nou-barris.jpg?resize=768%2C423&amp;ssl=1 768w, https:\/\/i0.wp.com\/fomentculturacornella.cat\/wp-content\/uploads\/2017\/05\/grupo-nou-barris.jpg?resize=1200%2C661&amp;ssl=1 1200w, https:\/\/i0.wp.com\/fomentculturacornella.cat\/wp-content\/uploads\/2017\/05\/grupo-nou-barris.jpg?w=1680&amp;ssl=1 1680w, https:\/\/i0.wp.com\/fomentculturacornella.cat\/wp-content\/uploads\/2017\/05\/grupo-nou-barris.jpg?w=2520&amp;ssl=1 2520w\" sizes=\"(max-width: 709px) 85vw, (max-width: 909px) 67vw, (max-width: 1362px) 62vw, 840px\" data-recalc-dims=\"1\" \/><\/a><\/p>\n<p>Clicant la foto podreu veure la resta d&#8217;imatges i v\u00eddeos de la participaci\u00f3 dels nostres Diables, Diablesses i Tabalers de Cua a la Festa Major de Nou Barris el dissabte 13 de maig de 2017.<\/p>\n","protected":false},"excerpt":{"rendered":"<p>Clicant la foto podreu veure la resta d&#8217;imatges i v\u00eddeos de la participaci\u00f3 dels nostres Diables, Diablesses i Tabalers de Cua a la Festa Major de Nou Barris el dissabte 13 de maig de 2017.<\/p>\n","protected":false},"author":1,"featured_media":0,"comment_status":"open","ping_status":"open","sticky":false,"template":"","format":"status","meta":{"jetpack_post_was_ever_published":false,"jetpack_publicize_message":"","jetpack_is_tweetstorm":false,"jetpack_publicize_feature_enabled":true,"jetpack_social_options":[]},"categories":[17,5,4],"tags":[],"jetpack_publicize_connections":[],"jetpack_featured_media_url":"","jetpack_sharing_enabled":true,"jetpack_shortlink":"https:\/\/wp.me\/p7uPvF-5Y","jetpack-related-posts":[{"id":364,"url":"https:\/\/fomentculturacornella.cat\/index.php\/2017\/05\/13\/festa-major-de-nou-barris\/","url_meta":{"origin":370,"position":0},"title":"Festa Major de Nou Barris","date":"13 de maig de 2017","format":"status","excerpt":"Avui dissabte 13 participem a la Festa Major de Nou Barris. Podreu veure la nostra secci\u00f3 de gegants a partir de les 16:30 a la Marquesina de Via J\u00falia i m\u00e9s tard al cercavila que comen\u00e7a a les 18:00 i acaba a la pl. Major de Nou Barris. A les\u2026","rel":"","context":"In &quot;Not\u00edcies Dracs i Diables&quot;","img":{"alt_text":"","src":"https:\/\/i0.wp.com\/fomentculturacornella.cat\/wp-content\/uploads\/2017\/05\/DSCN1267-300x225.jpg?resize=350%2C200","width":350,"height":200},"classes":[]},{"id":498,"url":"https:\/\/fomentculturacornella.cat\/index.php\/2017\/10\/15\/festes-de-tardor-de-sagrada-familia\/","url_meta":{"origin":370,"position":1},"title":"Festes de Tardor de Sagrada Fam\u00edlia","date":"15 d'octubre de 2017","format":"status","excerpt":"Dissabe 14 d'octubre els nostres Diables i Tabalers de Cua van tenir la sort de ser convidats al correfoc de les Feste de Tardor de Sagrada Fam\u00edlia. Va ser una nit espectacular al millor escenari possible. Gr\u00e0cies a Farfolla i a Bestialots Espurnats per deixar-los participar. Mireu quina galeria d'imatges\u2026","rel":"","context":"In &quot;Galeria de fotos i v\u00eddeos&quot;","img":{"alt_text":"","src":"https:\/\/i0.wp.com\/fomentculturacornella.cat\/wp-content\/uploads\/2017\/10\/DSCN4988.jpg?resize=350%2C200","width":350,"height":200},"classes":[]},{"id":906,"url":"https:\/\/fomentculturacornella.cat\/index.php\/2021\/12\/11\/1a-trobada-de-besties-al-papiol\/","url_meta":{"origin":370,"position":2},"title":"1a Trobada de B\u00e8sties al Papiol","date":"11 de desembre de 2021","format":false,"excerpt":"Dissabte 11 de desembre de 2021 vam tenir el honor de participar a la 1a Trobada de B\u00e8sties del Papiol. Gr\u00e0cies al Grup de Diables del Papiol per convidar-nos i enhorabona. Esperem trobar-nos aviat! Galeria d'imatges","rel":"","context":"In &quot;Galeria de fotos i v\u00eddeos&quot;","img":{"alt_text":"","src":"https:\/\/i0.wp.com\/fomentculturacornella.cat\/wp-content\/uploads\/2021\/12\/IMG-20211211-WA0019.jpg?resize=350%2C200&ssl=1","width":350,"height":200},"classes":[]},{"id":387,"url":"https:\/\/fomentculturacornella.cat\/index.php\/2017\/05\/21\/festa-de-la-primavera-escola-sant-miquel\/","url_meta":{"origin":370,"position":3},"title":"Festa de la Primavera Escola Sant Miquel","date":"21 de maig de 2017","format":"status","excerpt":"Aqu\u00ed podeu veure les fotos de la participaci\u00f3 del nostre Drac d'Aigua i el nostres Tabalers Infantils a la Festa de la Primavera de l'Escola Sant Miquel de Cornell\u00e0 de Llobregat. Cliqueu a la foto","rel":"","context":"In &quot;Galeria de fotos i v\u00eddeos&quot;","img":{"alt_text":"","src":"https:\/\/i0.wp.com\/fomentculturacornella.cat\/wp-content\/uploads\/2017\/05\/DSCN2296-1024x768.jpg?resize=350%2C200","width":350,"height":200},"classes":[]},{"id":409,"url":"https:\/\/fomentculturacornella.cat\/index.php\/2017\/06\/21\/corpus-2017\/","url_meta":{"origin":370,"position":4},"title":"Corpus 2017","date":"21 de juny de 2017","format":"status","excerpt":"Han estat uns dies molts intensos a la Festa Major de Cornell\u00e0 de Llobregat: Corndefoc, Populari, Correfoc Infantil, PercuCorpus Aqu\u00ed trobareu algunes imatges i v\u00eddeos: Corndefoc Populari Correfoc Infantil PercuCorpus","rel":"","context":"In &quot;Galeria de fotos i v\u00eddeos&quot;","img":{"alt_text":"","src":"https:\/\/i0.wp.com\/fomentculturacornella.cat\/wp-content\/uploads\/2017\/06\/DSCN2921-1024x768.jpg?resize=350%2C200","width":350,"height":200},"classes":[]},{"id":566,"url":"https:\/\/fomentculturacornella.cat\/index.php\/2018\/03\/17\/diumenge-18-de-marc-tambe-a-terrassa\/","url_meta":{"origin":370,"position":5},"title":"Diumenge 18 de mar\u00e7 tamb\u00e9 a Terrassa!","date":"17 de mar\u00e7 de 2018","format":"status","excerpt":"A les 10 del mat\u00ed els nostres Dracs, Tabalers i Capgrossos anem de festa al barri de Can Palet a Terrassa. Recordeu que a les 12:00 la Fontsanta, la nostra geganta aiguadera, estar\u00e1 a la Festa del Riu de Cornell\u00e0 ballant per tothom. Una mica m\u00e9s tard el Tabalers de\u2026","rel":"","context":"In &quot;Not\u00edcies Dracs i Diables&quot;","img":{"alt_text":"","src":"https:\/\/i0.wp.com\/fomentculturacornella.cat\/wp-content\/uploads\/2018\/03\/dscn48141772366724.jpg?resize=350%2C200","width":350,"height":200},"classes":[]}],"_links":{"self":[{"href":"https:\/\/fomentculturacornella.cat\/index.php\/wp-json\/wp\/v2\/posts\/370"}],"collection":[{"href":"https:\/\/fomentculturacornella.cat\/index.php\/wp-json\/wp\/v2\/posts"}],"about":[{"href":"https:\/\/fomentculturacornella.cat\/index.php\/wp-json\/wp\/v2\/types\/post"}],"author":[{"embeddable":true,"href":"https:\/\/fomentculturacornella.cat\/index.php\/wp-json\/wp\/v2\/users\/1"}],"replies":[{"embeddable":true,"href":"https:\/\/fomentculturacornella.cat\/index.php\/wp-json\/wp\/v2\/comments?post=370"}],"version-history":[{"count":4,"href":"https:\/\/fomentculturacornella.cat\/index.php\/wp-json\/wp\/v2\/posts\/370\/revisions"}],"predecessor-version":[{"id":377,"href":"https:\/\/fomentculturacornella.cat\/index.php\/wp-json\/wp\/v2\/posts\/370\/revisions\/377"}],"wp:attachment":[{"href":"https:\/\/fomentculturacornella.cat\/index.php\/wp-json\/wp\/v2\/media?parent=370"}],"wp:term":[{"taxonomy":"category","embeddable":true,"href":"https:\/\/fomentculturacornella.cat\/index.php\/wp-json\/wp\/v2\/categories?post=370"},{"taxonomy":"post_tag","embeddable":true,"href":"https:\/\/fomentculturacornella.cat\/index.php\/wp-json\/wp\/v2\/tags?post=370"}],"curies":[{"name":"wp","href":"https:\/\/api.w.org\/{rel}","templated":true}]}}