{"id":399,"date":"2017-06-09T00:42:51","date_gmt":"2017-06-08T22:42:51","guid":{"rendered":"http:\/\/fomentculturacornella.cat\/?p=399"},"modified":"2017-06-09T00:42:51","modified_gmt":"2017-06-08T22:42:51","slug":"xxii-trobada-gegantera-de-cornella-de-llobregat","status":"publish","type":"post","link":"https:\/\/fomentculturacornella.cat\/index.php\/2017\/06\/09\/xxii-trobada-gegantera-de-cornella-de-llobregat\/","title":{"rendered":"XXII Trobada Gegantera de Cornell\u00e0 de Llobregat"},"content":{"rendered":"<p><img data-attachment-id=\"365\" data-permalink=\"https:\/\/fomentculturacornella.cat\/index.php\/2017\/05\/13\/festa-major-de-nou-barris\/dscn1267\/\" data-orig-file=\"https:\/\/i0.wp.com\/fomentculturacornella.cat\/wp-content\/uploads\/2017\/05\/DSCN1267.jpg?fit=4608%2C3456&amp;ssl=1\" data-orig-size=\"4608,3456\" data-comments-opened=\"1\" data-image-meta=\"{&quot;aperture&quot;:&quot;3&quot;,&quot;credit&quot;:&quot;&quot;,&quot;camera&quot;:&quot;COOLPIX P530&quot;,&quot;caption&quot;:&quot;&quot;,&quot;created_timestamp&quot;:&quot;1491155439&quot;,&quot;copyright&quot;:&quot;&quot;,&quot;focal_length&quot;:&quot;4.3&quot;,&quot;iso&quot;:&quot;100&quot;,&quot;shutter_speed&quot;:&quot;0.016666666666667&quot;,&quot;title&quot;:&quot;&quot;,&quot;orientation&quot;:&quot;1&quot;}\" data-image-title=\"DSCN1267\" data-image-description=\"\" data-image-caption=\"\" data-medium-file=\"https:\/\/i0.wp.com\/fomentculturacornella.cat\/wp-content\/uploads\/2017\/05\/DSCN1267.jpg?fit=300%2C225&amp;ssl=1\" data-large-file=\"https:\/\/i0.wp.com\/fomentculturacornella.cat\/wp-content\/uploads\/2017\/05\/DSCN1267.jpg?fit=840%2C630&amp;ssl=1\" decoding=\"async\" loading=\"lazy\" class=\"alignnone wp-image-365 size-full\" src=\"https:\/\/i0.wp.com\/fomentculturacornella.cat\/wp-content\/uploads\/2017\/05\/DSCN1267.jpg?resize=840%2C630&#038;ssl=1\" alt=\"\" width=\"840\" height=\"630\" srcset=\"https:\/\/i0.wp.com\/fomentculturacornella.cat\/wp-content\/uploads\/2017\/05\/DSCN1267.jpg?w=4608&amp;ssl=1 4608w, https:\/\/i0.wp.com\/fomentculturacornella.cat\/wp-content\/uploads\/2017\/05\/DSCN1267.jpg?resize=300%2C225&amp;ssl=1 300w, https:\/\/i0.wp.com\/fomentculturacornella.cat\/wp-content\/uploads\/2017\/05\/DSCN1267.jpg?resize=768%2C576&amp;ssl=1 768w, https:\/\/i0.wp.com\/fomentculturacornella.cat\/wp-content\/uploads\/2017\/05\/DSCN1267.jpg?resize=1024%2C768&amp;ssl=1 1024w, https:\/\/i0.wp.com\/fomentculturacornella.cat\/wp-content\/uploads\/2017\/05\/DSCN1267.jpg?resize=1200%2C900&amp;ssl=1 1200w, https:\/\/i0.wp.com\/fomentculturacornella.cat\/wp-content\/uploads\/2017\/05\/DSCN1267.jpg?w=1680&amp;ssl=1 1680w, https:\/\/i0.wp.com\/fomentculturacornella.cat\/wp-content\/uploads\/2017\/05\/DSCN1267.jpg?w=2520&amp;ssl=1 2520w\" sizes=\"(max-width: 709px) 85vw, (max-width: 909px) 67vw, (max-width: 1362px) 62vw, 840px\" data-recalc-dims=\"1\" \/><\/p>\n<p>Dissabte 10 de juny a partir de les 11:00 i fins les 13:30 podreu gaudir d&#8217;un mat\u00ed ple d&#8217;activitats gegants. A la Pla\u00e7a de l&#8217;Esgl\u00e9sia de Cornell\u00e0 trobareu activitats per a tota la fam\u00edlia: jocs, contes, animaci\u00f3 musical i sorpreses.<\/p>\n<p>A la tarda a partir de les 17:00 comen\u00e7aran a arribar, a la mateixa pla\u00e7a, les colles geganteres convidades. Aprofiteu per fer fotos a totes les figures participants fins les 18:00, hora en que comen\u00e7ar\u00e0 la cercavila gegantera.<\/p>\n<p>El final de festa ser\u00e0 a la Pla\u00e7a de la Sardana, final del recorregut, on podreu veure ballar totes les colles.<\/p>\n<p>Recordeu que aquest any ser\u00e0 el primer pel nostre Gegant\u00f3 del Mag Maginet!! No falteu!!<\/p>\n<p>&nbsp;<\/p>\n","protected":false},"excerpt":{"rendered":"<p>Dissabte 10 de juny a partir de les 11:00 i fins les 13:30 podreu gaudir d&#8217;un mat\u00ed ple d&#8217;activitats gegants. A la Pla\u00e7a de l&#8217;Esgl\u00e9sia de Cornell\u00e0 trobareu activitats per a tota la fam\u00edlia: jocs, contes, animaci\u00f3 musical i sorpreses. A la tarda a partir de les 17:00 comen\u00e7aran a arribar, a la mateixa pla\u00e7a, &hellip; <a href=\"https:\/\/fomentculturacornella.cat\/index.php\/2017\/06\/09\/xxii-trobada-gegantera-de-cornella-de-llobregat\/\" class=\"more-link\">Continua llegint <span class=\"screen-reader-text\">\u00abXXII Trobada Gegantera de Cornell\u00e0 de Llobregat\u00bb<\/span><\/a><\/p>\n","protected":false},"author":1,"featured_media":0,"comment_status":"open","ping_status":"open","sticky":false,"template":"","format":"status","meta":{"jetpack_post_was_ever_published":false,"jetpack_publicize_message":"","jetpack_is_tweetstorm":false,"jetpack_publicize_feature_enabled":true,"jetpack_social_options":[]},"categories":[3],"tags":[23,24,21,30],"jetpack_publicize_connections":[],"jetpack_featured_media_url":"","jetpack_sharing_enabled":true,"jetpack_shortlink":"https:\/\/wp.me\/p7uPvF-6r","jetpack-related-posts":[{"id":403,"url":"https:\/\/fomentculturacornella.cat\/index.php\/2017\/06\/11\/xxii-trobada-gegantera-de-cornella-de-llobregat-2\/","url_meta":{"origin":399,"position":0},"title":"XXII Trobada Gegantera de Cornell\u00e0 de Llobregat","date":"11 de juny de 2017","format":false,"excerpt":"Dissabte 10 de juny de 2017 va tenir lloc la XXII Trobada Gegantera de Cornell\u00e0. La primera per nostre gegant\u00f3 del Mag Maginet. Mireu les fotos i v\u00eddeos. IMATGES","rel":"","context":"In &quot;Galeria de fotos i v\u00eddeos&quot;","img":{"alt_text":"","src":"https:\/\/i0.wp.com\/fomentculturacornella.cat\/wp-content\/uploads\/2017\/06\/FB_IMG_1495300094951.jpg?resize=350%2C200","width":350,"height":200},"classes":[]},{"id":958,"url":"https:\/\/fomentculturacornella.cat\/index.php\/2023\/06\/01\/trobada-gegantera-2023\/","url_meta":{"origin":399,"position":1},"title":"Trobada Gegantera 2023","date":"1 de juny de 2023","format":false,"excerpt":"Dissabte 3 de juny!","rel":"","context":"In &quot;Not\u00edcies Geganters, gralles i tabals de gegants&quot;","img":{"alt_text":"","src":"https:\/\/i0.wp.com\/fomentculturacornella.cat\/wp-content\/uploads\/2023\/06\/IMG_20230525_221232_586.jpg?resize=350%2C200&ssl=1","width":350,"height":200},"classes":[]},{"id":585,"url":"https:\/\/fomentculturacornella.cat\/index.php\/2018\/05\/20\/trobada-gegantera-de-corpus\/","url_meta":{"origin":399,"position":2},"title":"Trobada Gegantera de Corpus","date":"20 de maig de 2018","format":"status","excerpt":"El proper dissabte 26 de maig no pots faltar a la XIII Trobada Gegantera de Corpus. A partir de les 17:00 a la Pla\u00e7a de l'Esgl\u00e9sia de Cornell\u00e0 de Llobregat. Metro L5 Cornell\u00e0 Centre","rel":"","context":"In &quot;Not\u00edcies Geganters, gralles i tabals de gegants&quot;","img":{"alt_text":"","src":"https:\/\/i0.wp.com\/fomentculturacornella.cat\/wp-content\/uploads\/2018\/05\/fb_img_15268307654506925691851119800415.jpg?resize=350%2C200","width":350,"height":200},"classes":[]},{"id":715,"url":"https:\/\/fomentculturacornella.cat\/index.php\/2019\/06\/05\/xxiv-trobada-gegantera\/","url_meta":{"origin":399,"position":3},"title":"XXIV Trobada Gegantera","date":"5 de juny de 2019","format":"status","excerpt":"Ja tenim a sobre el Corpus i com cada any, l'iniciem amb la Trobada Gegantera a la Pla\u00e7a de l'Esgl\u00e9sia. El dia 15 a les 17:00 plantada de gegants. A les 18 inici cercavila fins la Pla\u00e7a de la Sardana.","rel":"","context":"In &quot;Not\u00edcies Geganters, gralles i tabals de gegants&quot;","img":{"alt_text":"","src":"https:\/\/i0.wp.com\/fomentculturacornella.cat\/wp-content\/uploads\/2019\/06\/fb_img_15597566067576583613617440635409.jpg?resize=350%2C200","width":350,"height":200},"classes":[]},{"id":891,"url":"https:\/\/fomentculturacornella.cat\/index.php\/2021\/11\/15\/xiii-nit-infernal\/","url_meta":{"origin":399,"position":4},"title":"XIII NIT INFERNAL","date":"15 de novembre de 2021","format":false,"excerpt":"Diumenge 13 de novembre de 2021 va tenir lloc la XIII NIT Infernal organitzada per Cua de Drac amb la participaci\u00f3 de totes les seccions de Foment de Cultura Popular de Cornell\u00e0. Des de les 11 del mat\u00ed fins a les 14 la Pla\u00e7a de Catalunya de Cornell\u00e0 va esdevenir\u2026","rel":"","context":"In &quot;Galeria de fotos i v\u00eddeos&quot;","img":{"alt_text":"","src":"https:\/\/i0.wp.com\/fomentculturacornella.cat\/wp-content\/uploads\/2021\/11\/IMG_20211113_112805-scaled.jpg?resize=350%2C200&ssl=1","width":350,"height":200},"classes":[]},{"id":709,"url":"https:\/\/fomentculturacornella.cat\/index.php\/2019\/05\/31\/xxiv-trobada-gegantera-a-cornella-de-llobregat\/","url_meta":{"origin":399,"position":5},"title":"XXIV Trobada Gegantera a Cornell\u00e0 de Llobregat","date":"31 de maig de 2019","format":"status","excerpt":"","rel":"","context":"In &quot;Galeria de fotos i v\u00eddeos&quot;","img":{"alt_text":"","src":"https:\/\/i0.wp.com\/fomentculturacornella.cat\/wp-content\/uploads\/2019\/05\/img-20190530-wa00022853147048158930740.jpg?resize=350%2C200","width":350,"height":200},"classes":[]}],"_links":{"self":[{"href":"https:\/\/fomentculturacornella.cat\/index.php\/wp-json\/wp\/v2\/posts\/399"}],"collection":[{"href":"https:\/\/fomentculturacornella.cat\/index.php\/wp-json\/wp\/v2\/posts"}],"about":[{"href":"https:\/\/fomentculturacornella.cat\/index.php\/wp-json\/wp\/v2\/types\/post"}],"author":[{"embeddable":true,"href":"https:\/\/fomentculturacornella.cat\/index.php\/wp-json\/wp\/v2\/users\/1"}],"replies":[{"embeddable":true,"href":"https:\/\/fomentculturacornella.cat\/index.php\/wp-json\/wp\/v2\/comments?post=399"}],"version-history":[{"count":1,"href":"https:\/\/fomentculturacornella.cat\/index.php\/wp-json\/wp\/v2\/posts\/399\/revisions"}],"predecessor-version":[{"id":400,"href":"https:\/\/fomentculturacornella.cat\/index.php\/wp-json\/wp\/v2\/posts\/399\/revisions\/400"}],"wp:attachment":[{"href":"https:\/\/fomentculturacornella.cat\/index.php\/wp-json\/wp\/v2\/media?parent=399"}],"wp:term":[{"taxonomy":"category","embeddable":true,"href":"https:\/\/fomentculturacornella.cat\/index.php\/wp-json\/wp\/v2\/categories?post=399"},{"taxonomy":"post_tag","embeddable":true,"href":"https:\/\/fomentculturacornella.cat\/index.php\/wp-json\/wp\/v2\/tags?post=399"}],"curies":[{"name":"wp","href":"https:\/\/api.w.org\/{rel}","templated":true}]}}