{"id":462,"date":"2017-09-25T17:56:32","date_gmt":"2017-09-25T15:56:32","guid":{"rendered":"http:\/\/fomentculturacornella.cat\/?p=462"},"modified":"2017-09-25T17:56:32","modified_gmt":"2017-09-25T15:56:32","slug":"x-nit-infernal-2","status":"publish","type":"post","link":"https:\/\/fomentculturacornella.cat\/index.php\/2017\/09\/25\/x-nit-infernal-2\/","title":{"rendered":"X Nit Infernal"},"content":{"rendered":"<p><img data-attachment-id=\"463\" data-permalink=\"https:\/\/fomentculturacornella.cat\/index.php\/2017\/09\/25\/x-nit-infernal-2\/dscn4436\/\" data-orig-file=\"https:\/\/i0.wp.com\/fomentculturacornella.cat\/wp-content\/uploads\/2017\/09\/DSCN4436.jpg?fit=4608%2C3072&amp;ssl=1\" data-orig-size=\"4608,3072\" data-comments-opened=\"1\" data-image-meta=\"{&quot;aperture&quot;:&quot;3.4&quot;,&quot;credit&quot;:&quot;&quot;,&quot;camera&quot;:&quot;COOLPIX P530&quot;,&quot;caption&quot;:&quot;&quot;,&quot;created_timestamp&quot;:&quot;1506202333&quot;,&quot;copyright&quot;:&quot;&quot;,&quot;focal_length&quot;:&quot;7.7&quot;,&quot;iso&quot;:&quot;800&quot;,&quot;shutter_speed&quot;:&quot;0.2&quot;,&quot;title&quot;:&quot;&quot;,&quot;orientation&quot;:&quot;1&quot;}\" data-image-title=\"DSCN4436\" data-image-description=\"\" data-image-caption=\"\" data-medium-file=\"https:\/\/i0.wp.com\/fomentculturacornella.cat\/wp-content\/uploads\/2017\/09\/DSCN4436.jpg?fit=300%2C200&amp;ssl=1\" data-large-file=\"https:\/\/i0.wp.com\/fomentculturacornella.cat\/wp-content\/uploads\/2017\/09\/DSCN4436.jpg?fit=840%2C560&amp;ssl=1\" decoding=\"async\" loading=\"lazy\" class=\"alignnone wp-image-463 size-full\" src=\"https:\/\/i0.wp.com\/fomentculturacornella.cat\/wp-content\/uploads\/2017\/09\/DSCN4436.jpg?resize=840%2C560&#038;ssl=1\" alt=\"\" width=\"840\" height=\"560\" srcset=\"https:\/\/i0.wp.com\/fomentculturacornella.cat\/wp-content\/uploads\/2017\/09\/DSCN4436.jpg?w=4608&amp;ssl=1 4608w, https:\/\/i0.wp.com\/fomentculturacornella.cat\/wp-content\/uploads\/2017\/09\/DSCN4436.jpg?resize=300%2C200&amp;ssl=1 300w, https:\/\/i0.wp.com\/fomentculturacornella.cat\/wp-content\/uploads\/2017\/09\/DSCN4436.jpg?resize=768%2C512&amp;ssl=1 768w, https:\/\/i0.wp.com\/fomentculturacornella.cat\/wp-content\/uploads\/2017\/09\/DSCN4436.jpg?resize=1024%2C683&amp;ssl=1 1024w, https:\/\/i0.wp.com\/fomentculturacornella.cat\/wp-content\/uploads\/2017\/09\/DSCN4436.jpg?resize=1200%2C800&amp;ssl=1 1200w, https:\/\/i0.wp.com\/fomentculturacornella.cat\/wp-content\/uploads\/2017\/09\/DSCN4436.jpg?w=1680&amp;ssl=1 1680w, https:\/\/i0.wp.com\/fomentculturacornella.cat\/wp-content\/uploads\/2017\/09\/DSCN4436.jpg?w=2520&amp;ssl=1 2520w\" sizes=\"(max-width: 709px) 85vw, (max-width: 909px) 67vw, (max-width: 1362px) 62vw, 840px\" data-recalc-dims=\"1\" \/><\/p>\n<p>La nit del dissabte 23 de setembre va ser la m\u00e9s infernal que mai s&#8217;havia viscut abans a Cornell\u00e0 de Llobregat.\u00a0 Les portes de l&#8217;infern es van obrir per fer sortir als \u00e9ssers de l&#8217;infram\u00f3n: diables, dracs, dimonis, b\u00e8sties, percussi\u00f3 infernal,&#8230;&#8230;<\/p>\n<p>Si t&#8217;ho vas perdre, ho sentim. L&#8217;\u00fanic que podem oferir-te \u00e9s aquesta mostra d&#8217;imatges i v\u00eddeos d&#8217;alguns moments de la X Nit Infernal.<\/p>\n<p>Esperem que estiguis m\u00e9s atent a la propera!!!<\/p>\n<p><a href=\"https:\/\/photos.app.goo.gl\/ZJMGciqiZ2ygfDyE2\">GALERIA<\/a><\/p>\n","protected":false},"excerpt":{"rendered":"<p>La nit del dissabte 23 de setembre va ser la m\u00e9s infernal que mai s&#8217;havia viscut abans a Cornell\u00e0 de Llobregat.\u00a0 Les portes de l&#8217;infern es van obrir per fer sortir als \u00e9ssers de l&#8217;infram\u00f3n: diables, dracs, dimonis, b\u00e8sties, percussi\u00f3 infernal,&#8230;&#8230; Si t&#8217;ho vas perdre, ho sentim. L&#8217;\u00fanic que podem oferir-te \u00e9s aquesta mostra d&#8217;imatges &hellip; <a href=\"https:\/\/fomentculturacornella.cat\/index.php\/2017\/09\/25\/x-nit-infernal-2\/\" class=\"more-link\">Continua llegint <span class=\"screen-reader-text\">\u00abX Nit Infernal\u00bb<\/span><\/a><\/p>\n","protected":false},"author":1,"featured_media":0,"comment_status":"open","ping_status":"open","sticky":false,"template":"","format":"status","meta":{"jetpack_post_was_ever_published":false,"jetpack_publicize_message":"Imatges X Nit Infernal","jetpack_is_tweetstorm":false,"jetpack_publicize_feature_enabled":true,"jetpack_social_options":[]},"categories":[17,5,4],"tags":[],"jetpack_publicize_connections":[],"jetpack_featured_media_url":"","jetpack_sharing_enabled":true,"jetpack_shortlink":"https:\/\/wp.me\/p7uPvF-7s","jetpack-related-posts":[{"id":444,"url":"https:\/\/fomentculturacornella.cat\/index.php\/2017\/09\/23\/matinal-x-nit-infernal-iii-tabalada-de-cua\/","url_meta":{"origin":462,"position":0},"title":"Matinal X Nit Infernal-III Tabalada de Cua","date":"23 de setembre de 2017","format":"status","excerpt":"Aqu\u00ed teniu les primers imatges del dia. A les 19:00 tornem amb m\u00e9s tabals i a les 21:00 la \"Porta de l'Infern\" deixar\u00e0 passar a les criatures de foc que cremaran la Pla\u00e7a de Catalunya. SER\u00c0 ESPECTACULAR!! Imatges matinal","rel":"","context":"In &quot;Galeria de fotos i v\u00eddeos&quot;","img":{"alt_text":"","src":"https:\/\/i0.wp.com\/fomentculturacornella.cat\/wp-content\/uploads\/2017\/09\/DSCN4349-1024x683.jpg?resize=350%2C200","width":350,"height":200},"classes":[]},{"id":210,"url":"https:\/\/fomentculturacornella.cat\/index.php\/2016\/09\/06\/9a-nit-infernal-2a-tabalada-de-cua\/","url_meta":{"origin":462,"position":1},"title":"9a Nit Infernal &#8211; 2a Tabalada de Cua","date":"6 de setembre de 2016","format":"status","excerpt":"El dia 10 de setembre ens instalem a la Pla\u00e7a de Catalunya de Cornell\u00e0 per a celebrar la 9a Nit Infernal i la 2a Tabalada de Cua.","rel":"","context":"In &quot;Not\u00edcies Dracs i Diables&quot;","img":{"alt_text":"14249911_1029842283732158_1464445505671103315_o","src":"https:\/\/i0.wp.com\/fomentculturacornella.cat\/wp-content\/uploads\/2016\/09\/14249911_1029842283732158_1464445505671103315_o.jpg?resize=350%2C200","width":350,"height":200},"classes":[]},{"id":418,"url":"https:\/\/fomentculturacornella.cat\/index.php\/2017\/08\/28\/x-nit-infernal\/","url_meta":{"origin":462,"position":2},"title":"X NIT INFERNAL","date":"28 d'agost de 2017","format":"status","excerpt":"Les nostres seccions de foc i tabals ja comencen a treballar a la X Nit Infernal i III Tabalada de Cua. El lloc de celebraci\u00f3 ser\u00e0 la Pla\u00e7a de Catalunya de la nostra poblaci\u00f3, Cornell\u00e0 de Llobregat . Us esperem el dissabte 23 de setembre de 2017, en horari de\u2026","rel":"","context":"In &quot;Noticies Diablets de Cua&quot;","img":{"alt_text":"","src":"https:\/\/i0.wp.com\/fomentculturacornella.cat\/wp-content\/uploads\/2017\/08\/wp-image-1680075570.jpg?fit=705%2C900&ssl=1&resize=350%2C200","width":350,"height":200},"classes":[]},{"id":891,"url":"https:\/\/fomentculturacornella.cat\/index.php\/2021\/11\/15\/xiii-nit-infernal\/","url_meta":{"origin":462,"position":3},"title":"XIII NIT INFERNAL","date":"15 de novembre de 2021","format":false,"excerpt":"Diumenge 13 de novembre de 2021 va tenir lloc la XIII NIT Infernal organitzada per Cua de Drac amb la participaci\u00f3 de totes les seccions de Foment de Cultura Popular de Cornell\u00e0. Des de les 11 del mat\u00ed fins a les 14 la Pla\u00e7a de Catalunya de Cornell\u00e0 va esdevenir\u2026","rel":"","context":"In &quot;Galeria de fotos i v\u00eddeos&quot;","img":{"alt_text":"","src":"https:\/\/i0.wp.com\/fomentculturacornella.cat\/wp-content\/uploads\/2021\/11\/IMG_20211113_112805-scaled.jpg?resize=350%2C200&ssl=1","width":350,"height":200},"classes":[]},{"id":498,"url":"https:\/\/fomentculturacornella.cat\/index.php\/2017\/10\/15\/festes-de-tardor-de-sagrada-familia\/","url_meta":{"origin":462,"position":4},"title":"Festes de Tardor de Sagrada Fam\u00edlia","date":"15 d'octubre de 2017","format":"status","excerpt":"Dissabe 14 d'octubre els nostres Diables i Tabalers de Cua van tenir la sort de ser convidats al correfoc de les Feste de Tardor de Sagrada Fam\u00edlia. Va ser una nit espectacular al millor escenari possible. Gr\u00e0cies a Farfolla i a Bestialots Espurnats per deixar-los participar. Mireu quina galeria d'imatges\u2026","rel":"","context":"In &quot;Galeria de fotos i v\u00eddeos&quot;","img":{"alt_text":"","src":"https:\/\/i0.wp.com\/fomentculturacornella.cat\/wp-content\/uploads\/2017\/10\/DSCN4988.jpg?resize=350%2C200","width":350,"height":200},"classes":[]},{"id":473,"url":"https:\/\/fomentculturacornella.cat\/index.php\/2017\/10\/02\/dracs-i-diables-al-barri-pedro\/","url_meta":{"origin":462,"position":5},"title":"Dracs i Diables de Cua al barri Pedr\u00f3","date":"2 d'octubre de 2017","format":"status","excerpt":"Imatges dels nostres Dracs i Diables de Cua, amb el Tabalers de Cua, al correfoc de les festes del barri Pedr\u00f3 de Cornell\u00e0. Clica a la imatge per veure la galeria.","rel":"","context":"In &quot;Galeria de fotos i v\u00eddeos&quot;","img":{"alt_text":"","src":"https:\/\/i0.wp.com\/fomentculturacornella.cat\/wp-content\/uploads\/2017\/10\/DSCN4608-1024x683.jpg?resize=350%2C200","width":350,"height":200},"classes":[]}],"_links":{"self":[{"href":"https:\/\/fomentculturacornella.cat\/index.php\/wp-json\/wp\/v2\/posts\/462"}],"collection":[{"href":"https:\/\/fomentculturacornella.cat\/index.php\/wp-json\/wp\/v2\/posts"}],"about":[{"href":"https:\/\/fomentculturacornella.cat\/index.php\/wp-json\/wp\/v2\/types\/post"}],"author":[{"embeddable":true,"href":"https:\/\/fomentculturacornella.cat\/index.php\/wp-json\/wp\/v2\/users\/1"}],"replies":[{"embeddable":true,"href":"https:\/\/fomentculturacornella.cat\/index.php\/wp-json\/wp\/v2\/comments?post=462"}],"version-history":[{"count":1,"href":"https:\/\/fomentculturacornella.cat\/index.php\/wp-json\/wp\/v2\/posts\/462\/revisions"}],"predecessor-version":[{"id":464,"href":"https:\/\/fomentculturacornella.cat\/index.php\/wp-json\/wp\/v2\/posts\/462\/revisions\/464"}],"wp:attachment":[{"href":"https:\/\/fomentculturacornella.cat\/index.php\/wp-json\/wp\/v2\/media?parent=462"}],"wp:term":[{"taxonomy":"category","embeddable":true,"href":"https:\/\/fomentculturacornella.cat\/index.php\/wp-json\/wp\/v2\/categories?post=462"},{"taxonomy":"post_tag","embeddable":true,"href":"https:\/\/fomentculturacornella.cat\/index.php\/wp-json\/wp\/v2\/tags?post=462"}],"curies":[{"name":"wp","href":"https:\/\/api.w.org\/{rel}","templated":true}]}}