{"id":470,"date":"2017-10-01T16:33:56","date_gmt":"2017-10-01T14:33:56","guid":{"rendered":"http:\/\/fomentculturacornella.cat\/?p=470"},"modified":"2017-10-01T16:33:56","modified_gmt":"2017-10-01T14:33:56","slug":"correfoc-infantil-pedro-2017","status":"publish","type":"post","link":"https:\/\/fomentculturacornella.cat\/index.php\/2017\/10\/01\/correfoc-infantil-pedro-2017\/","title":{"rendered":"Correfoc Infantil Pedr\u00f3 2017"},"content":{"rendered":"<p>Imatges del correfoc infantil del divendres 29 al barri Pedr\u00f3.<\/p>\n<p>Diablets de Cua, cada dia m\u00e9s grans!<\/p>\n<p><a href=\"https:\/\/photos.app.goo.gl\/mFAueCICZfnYIOcI3\"><img data-attachment-id=\"471\" data-permalink=\"https:\/\/fomentculturacornella.cat\/index.php\/2017\/10\/01\/correfoc-infantil-pedro-2017\/dscn4592\/\" data-orig-file=\"https:\/\/i0.wp.com\/fomentculturacornella.cat\/wp-content\/uploads\/2017\/10\/DSCN4592.jpg?fit=4608%2C3072&amp;ssl=1\" data-orig-size=\"4608,3072\" data-comments-opened=\"1\" data-image-meta=\"{&quot;aperture&quot;:&quot;3&quot;,&quot;credit&quot;:&quot;&quot;,&quot;camera&quot;:&quot;COOLPIX P530&quot;,&quot;caption&quot;:&quot;&quot;,&quot;created_timestamp&quot;:&quot;1506720070&quot;,&quot;copyright&quot;:&quot;&quot;,&quot;focal_length&quot;:&quot;4.3&quot;,&quot;iso&quot;:&quot;400&quot;,&quot;shutter_speed&quot;:&quot;0.05&quot;,&quot;title&quot;:&quot;&quot;,&quot;orientation&quot;:&quot;1&quot;}\" data-image-title=\"DSCN4592\" data-image-description=\"\" data-image-caption=\"\" data-medium-file=\"https:\/\/i0.wp.com\/fomentculturacornella.cat\/wp-content\/uploads\/2017\/10\/DSCN4592.jpg?fit=300%2C200&amp;ssl=1\" data-large-file=\"https:\/\/i0.wp.com\/fomentculturacornella.cat\/wp-content\/uploads\/2017\/10\/DSCN4592.jpg?fit=840%2C560&amp;ssl=1\" decoding=\"async\" loading=\"lazy\" class=\"alignnone wp-image-471 size-full\" src=\"https:\/\/i0.wp.com\/fomentculturacornella.cat\/wp-content\/uploads\/2017\/10\/DSCN4592.jpg?resize=840%2C560&#038;ssl=1\" alt=\"\" width=\"840\" height=\"560\" srcset=\"https:\/\/i0.wp.com\/fomentculturacornella.cat\/wp-content\/uploads\/2017\/10\/DSCN4592.jpg?w=4608&amp;ssl=1 4608w, https:\/\/i0.wp.com\/fomentculturacornella.cat\/wp-content\/uploads\/2017\/10\/DSCN4592.jpg?resize=300%2C200&amp;ssl=1 300w, https:\/\/i0.wp.com\/fomentculturacornella.cat\/wp-content\/uploads\/2017\/10\/DSCN4592.jpg?resize=768%2C512&amp;ssl=1 768w, https:\/\/i0.wp.com\/fomentculturacornella.cat\/wp-content\/uploads\/2017\/10\/DSCN4592.jpg?resize=1024%2C683&amp;ssl=1 1024w, https:\/\/i0.wp.com\/fomentculturacornella.cat\/wp-content\/uploads\/2017\/10\/DSCN4592.jpg?resize=1200%2C800&amp;ssl=1 1200w, https:\/\/i0.wp.com\/fomentculturacornella.cat\/wp-content\/uploads\/2017\/10\/DSCN4592.jpg?w=1680&amp;ssl=1 1680w, https:\/\/i0.wp.com\/fomentculturacornella.cat\/wp-content\/uploads\/2017\/10\/DSCN4592.jpg?w=2520&amp;ssl=1 2520w\" sizes=\"(max-width: 709px) 85vw, (max-width: 909px) 67vw, (max-width: 1362px) 62vw, 840px\" data-recalc-dims=\"1\" \/><\/a><\/p>\n","protected":false},"excerpt":{"rendered":"<p>Imatges del correfoc infantil del divendres 29 al barri Pedr\u00f3. Diablets de Cua, cada dia m\u00e9s grans!<\/p>\n","protected":false},"author":1,"featured_media":0,"comment_status":"open","ping_status":"open","sticky":false,"template":"","format":"status","meta":{"jetpack_post_was_ever_published":false,"jetpack_publicize_message":"","jetpack_is_tweetstorm":false,"jetpack_publicize_feature_enabled":true,"jetpack_social_options":[]},"categories":[17,29,4],"tags":[],"jetpack_publicize_connections":[],"jetpack_featured_media_url":"","jetpack_sharing_enabled":true,"jetpack_shortlink":"https:\/\/wp.me\/p7uPvF-7A","jetpack-related-posts":[{"id":437,"url":"https:\/\/fomentculturacornella.cat\/index.php\/2017\/09\/11\/diablets-de-cua-al-correfoc-infantil-fm-viladecans-2017\/","url_meta":{"origin":470,"position":0},"title":"Diablets de Cua al correfoc Infantil FM Viladecans 2017","date":"11 de setembre de 2017","format":"status","excerpt":"Aquest Diablets de Cua es superen a cada sortida! Mireu que b\u00e9 que ho van fer a Viladecans. Els Tabalers de Cua (petits i grans) els van acompanyar. Felicitats!! IMATGES","rel":"","context":"In &quot;Galeria de fotos i v\u00eddeos&quot;","img":{"alt_text":"","src":"https:\/\/i0.wp.com\/fomentculturacornella.cat\/wp-content\/uploads\/2017\/09\/DSCN4246-1024x683.jpg?resize=350%2C200","width":350,"height":200},"classes":[]},{"id":425,"url":"https:\/\/fomentculturacornella.cat\/index.php\/2017\/09\/04\/video-aixi-sorganitza-un-correfoc-infantil-a-diablets-de-cua-de-cornella\/","url_meta":{"origin":470,"position":1},"title":"V\u00eddeo &#8220;Aix\u00ed s&#8217;organitza un correfoc infantil a Diablets de Cua de Cornell\u00e0.&#8221;","date":"4 de setembre de 2017","format":"status","excerpt":"Mireu el v\u00eddeo dels nostres Diablets. https:\/\/youtu.be\/Thwme2Odhso","rel":"","context":"In &quot;Galeria de fotos i v\u00eddeos&quot;","img":{"alt_text":"","src":"https:\/\/i0.wp.com\/img.youtube.com\/vi\/Thwme2Odhso\/0.jpg?resize=350%2C200","width":350,"height":200},"classes":[]},{"id":670,"url":"https:\/\/fomentculturacornella.cat\/index.php\/2019\/03\/31\/correfoc-de-primavera-a-sant-joan-despi\/","url_meta":{"origin":470,"position":2},"title":"Correfoc de Primavera a Sant Joan Desp\u00ed","date":"31 de mar\u00e7 de 2019","format":"status","excerpt":"El proper 27 d'abril els nostres Diablets de Cua i els nostres Dracs participaran al correfoc infantil de primavera a Sant Joan Desp\u00ed.","rel":"","context":"In &quot;Noticies Diablets de Cua&quot;","img":{"alt_text":"","src":"https:\/\/i0.wp.com\/fomentculturacornella.cat\/wp-content\/uploads\/2019\/03\/fb_img_15540607074226288482523841922707.jpg?resize=350%2C200","width":350,"height":200},"classes":[]},{"id":427,"url":"https:\/\/fomentculturacornella.cat\/index.php\/2017\/09\/04\/correfoc-infantil-centelles-2017\/","url_meta":{"origin":470,"position":3},"title":"Correfoc Infantil Centelles 2017","date":"4 de setembre de 2017","format":"status","excerpt":"Aqu\u00ed podeu trobar les imatges de la participaci\u00f3 de Diablets de Cua al Correfoc Infantil de Centelles. Van estar acompanyats pels Tabalers de Cua (petits i grans). https:\/\/photos.app.goo.gl\/ZghotoBHFK40uqrV2","rel":"","context":"In &quot;Galeria de fotos i v\u00eddeos&quot;","img":{"alt_text":"","src":"","width":0,"height":0},"classes":[]},{"id":467,"url":"https:\/\/fomentculturacornella.cat\/index.php\/2017\/09\/28\/festes-de-sant-miquel-al-barri-pedro\/","url_meta":{"origin":470,"position":4},"title":"Festes de Sant Miquel al barri Pedr\u00f3","date":"28 de setembre de 2017","format":"status","excerpt":"Aquest divendres 29 comencem la nostra participaci\u00f3 a les festes del nostre barri, el Pedr\u00f3. A les 20:30 correfoc infantil amb els Diablets de Cua. A les 21:30 correfoc adult amb Cua de Drac i Diables de Cornell\u00e0. Dissabte a les 11:00 actuaci\u00f3 dels Petits Tabalers de Cua i a\u2026","rel":"","context":"In &quot;Noticies Diablets de Cua&quot;","img":{"alt_text":"","src":"","width":0,"height":0},"classes":[]},{"id":705,"url":"https:\/\/fomentculturacornella.cat\/index.php\/2019\/05\/22\/2n-aniversari-dels-diablets-de-cua\/","url_meta":{"origin":470,"position":5},"title":"III Correfoc organitzat pels Diablets de Cua","date":"22 de maig de 2019","format":"status","excerpt":"Aquest proper dissabte 25 de maig us esperem a la Pla\u00e7a de Pau Casals, davant l'escola Ignasi Iglesias a partir de les 18:30. Tindrem jocs, tabals i acabarem amb un correfoc infantil a les 21 amb inici a la Pla\u00e7a del Trinquis.","rel":"","context":"In &quot;Noticies Diablets de Cua&quot;","img":{"alt_text":"","src":"https:\/\/i0.wp.com\/fomentculturacornella.cat\/wp-content\/uploads\/2019\/05\/fb_img_15584789421828294130791601274889.jpg?resize=350%2C200","width":350,"height":200},"classes":[]}],"_links":{"self":[{"href":"https:\/\/fomentculturacornella.cat\/index.php\/wp-json\/wp\/v2\/posts\/470"}],"collection":[{"href":"https:\/\/fomentculturacornella.cat\/index.php\/wp-json\/wp\/v2\/posts"}],"about":[{"href":"https:\/\/fomentculturacornella.cat\/index.php\/wp-json\/wp\/v2\/types\/post"}],"author":[{"embeddable":true,"href":"https:\/\/fomentculturacornella.cat\/index.php\/wp-json\/wp\/v2\/users\/1"}],"replies":[{"embeddable":true,"href":"https:\/\/fomentculturacornella.cat\/index.php\/wp-json\/wp\/v2\/comments?post=470"}],"version-history":[{"count":1,"href":"https:\/\/fomentculturacornella.cat\/index.php\/wp-json\/wp\/v2\/posts\/470\/revisions"}],"predecessor-version":[{"id":472,"href":"https:\/\/fomentculturacornella.cat\/index.php\/wp-json\/wp\/v2\/posts\/470\/revisions\/472"}],"wp:attachment":[{"href":"https:\/\/fomentculturacornella.cat\/index.php\/wp-json\/wp\/v2\/media?parent=470"}],"wp:term":[{"taxonomy":"category","embeddable":true,"href":"https:\/\/fomentculturacornella.cat\/index.php\/wp-json\/wp\/v2\/categories?post=470"},{"taxonomy":"post_tag","embeddable":true,"href":"https:\/\/fomentculturacornella.cat\/index.php\/wp-json\/wp\/v2\/tags?post=470"}],"curies":[{"name":"wp","href":"https:\/\/api.w.org\/{rel}","templated":true}]}}