{"id":484,"date":"2017-10-02T23:07:29","date_gmt":"2017-10-02T21:07:29","guid":{"rendered":"http:\/\/fomentculturacornella.cat\/?p=484"},"modified":"2017-10-02T23:22:34","modified_gmt":"2017-10-02T21:22:34","slug":"petits-tabalers-al-barri-pedro","status":"publish","type":"post","link":"https:\/\/fomentculturacornella.cat\/index.php\/2017\/10\/02\/petits-tabalers-al-barri-pedro\/","title":{"rendered":"Petits Tabalers al barri Pedr\u00f3"},"content":{"rendered":"<p>&nbsp;<\/p>\n<p><a href=\"https:\/\/photos.app.goo.gl\/4ROC3jm1giZTQQbK2\"><img data-attachment-id=\"485\" data-permalink=\"https:\/\/fomentculturacornella.cat\/index.php\/2017\/10\/02\/petits-tabalers-al-barri-pedro\/dscn4647\/\" data-orig-file=\"https:\/\/i0.wp.com\/fomentculturacornella.cat\/wp-content\/uploads\/2017\/10\/DSCN4647.jpg?fit=4608%2C3072&amp;ssl=1\" data-orig-size=\"4608,3072\" data-comments-opened=\"1\" data-image-meta=\"{&quot;aperture&quot;:&quot;3.2&quot;,&quot;credit&quot;:&quot;&quot;,&quot;camera&quot;:&quot;COOLPIX P530&quot;,&quot;caption&quot;:&quot;&quot;,&quot;created_timestamp&quot;:&quot;1506771537&quot;,&quot;copyright&quot;:&quot;&quot;,&quot;focal_length&quot;:&quot;5.9&quot;,&quot;iso&quot;:&quot;100&quot;,&quot;shutter_speed&quot;:&quot;0.003125&quot;,&quot;title&quot;:&quot;&quot;,&quot;orientation&quot;:&quot;1&quot;}\" data-image-title=\"DSCN4647\" data-image-description=\"\" data-image-caption=\"\" data-medium-file=\"https:\/\/i0.wp.com\/fomentculturacornella.cat\/wp-content\/uploads\/2017\/10\/DSCN4647.jpg?fit=300%2C200&amp;ssl=1\" data-large-file=\"https:\/\/i0.wp.com\/fomentculturacornella.cat\/wp-content\/uploads\/2017\/10\/DSCN4647.jpg?fit=840%2C560&amp;ssl=1\" decoding=\"async\" loading=\"lazy\" class=\"alignnone wp-image-485 size-full\" src=\"https:\/\/i0.wp.com\/fomentculturacornella.cat\/wp-content\/uploads\/2017\/10\/DSCN4647.jpg?resize=840%2C560&#038;ssl=1\" alt=\"\" width=\"840\" height=\"560\" srcset=\"https:\/\/i0.wp.com\/fomentculturacornella.cat\/wp-content\/uploads\/2017\/10\/DSCN4647.jpg?w=4608&amp;ssl=1 4608w, https:\/\/i0.wp.com\/fomentculturacornella.cat\/wp-content\/uploads\/2017\/10\/DSCN4647.jpg?resize=300%2C200&amp;ssl=1 300w, https:\/\/i0.wp.com\/fomentculturacornella.cat\/wp-content\/uploads\/2017\/10\/DSCN4647.jpg?resize=768%2C512&amp;ssl=1 768w, https:\/\/i0.wp.com\/fomentculturacornella.cat\/wp-content\/uploads\/2017\/10\/DSCN4647.jpg?resize=1024%2C683&amp;ssl=1 1024w, https:\/\/i0.wp.com\/fomentculturacornella.cat\/wp-content\/uploads\/2017\/10\/DSCN4647.jpg?resize=1200%2C800&amp;ssl=1 1200w, https:\/\/i0.wp.com\/fomentculturacornella.cat\/wp-content\/uploads\/2017\/10\/DSCN4647.jpg?w=1680&amp;ssl=1 1680w, https:\/\/i0.wp.com\/fomentculturacornella.cat\/wp-content\/uploads\/2017\/10\/DSCN4647.jpg?w=2520&amp;ssl=1 2520w\" sizes=\"(max-width: 709px) 85vw, (max-width: 909px) 67vw, (max-width: 1362px) 62vw, 840px\" data-recalc-dims=\"1\" \/><\/a><\/p>\n<p>Els Petits Tabalers de Cua van despertar els ve\u00efns i ve\u00efnes del barri Pedr\u00f3 el dissabte 30 al mat\u00ed, i ho van fer molt b\u00e9!! (com sempre). Cliqueu a la imatge per veure&#8217;ls en acci\u00f3.<\/p>\n","protected":false},"excerpt":{"rendered":"<p>&nbsp; Els Petits Tabalers de Cua van despertar els ve\u00efns i ve\u00efnes del barri Pedr\u00f3 el dissabte 30 al mat\u00ed, i ho van fer molt b\u00e9!! (com sempre). Cliqueu a la imatge per veure&#8217;ls en acci\u00f3.<\/p>\n","protected":false},"author":1,"featured_media":0,"comment_status":"open","ping_status":"open","sticky":false,"template":"","format":"status","meta":{"jetpack_post_was_ever_published":false,"jetpack_publicize_message":"","jetpack_is_tweetstorm":false,"jetpack_publicize_feature_enabled":true,"jetpack_social_options":[]},"categories":[17,4],"tags":[],"jetpack_publicize_connections":[],"jetpack_featured_media_url":"","jetpack_sharing_enabled":true,"jetpack_shortlink":"https:\/\/wp.me\/p7uPvF-7O","jetpack-related-posts":[{"id":477,"url":"https:\/\/fomentculturacornella.cat\/index.php\/2017\/10\/02\/cercavila-festes-del-barri-pedro\/","url_meta":{"origin":484,"position":0},"title":"Cercavila festes del barri Pedr\u00f3","date":"2 d'octubre de 2017","format":"status","excerpt":"El nostre Drac d'aigua, els Tabalers de Cua, els Geganters\/es de Cornell\u00e0 i les gralles i tabals de gegants van sortir, sense por a la pluja, a animar el barri del Pedr\u00f3. Clica la imatge per veure la galeria.","rel":"","context":"In &quot;Galeria de fotos i v\u00eddeos&quot;","img":{"alt_text":"","src":"https:\/\/i0.wp.com\/fomentculturacornella.cat\/wp-content\/uploads\/2017\/10\/DSCN4698.jpg?resize=350%2C200","width":350,"height":200},"classes":[]},{"id":467,"url":"https:\/\/fomentculturacornella.cat\/index.php\/2017\/09\/28\/festes-de-sant-miquel-al-barri-pedro\/","url_meta":{"origin":484,"position":1},"title":"Festes de Sant Miquel al barri Pedr\u00f3","date":"28 de setembre de 2017","format":"status","excerpt":"Aquest divendres 29 comencem la nostra participaci\u00f3 a les festes del nostre barri, el Pedr\u00f3. A les 20:30 correfoc infantil amb els Diablets de Cua. A les 21:30 correfoc adult amb Cua de Drac i Diables de Cornell\u00e0. Dissabte a les 11:00 actuaci\u00f3 dels Petits Tabalers de Cua i a\u2026","rel":"","context":"In &quot;Noticies Diablets de Cua&quot;","img":{"alt_text":"","src":"","width":0,"height":0},"classes":[]},{"id":378,"url":"https:\/\/fomentculturacornella.cat\/index.php\/2017\/05\/14\/divendres-19-i-dissabte-20-de-maig-ens-veiem-al-barri-riera-de-cornella\/","url_meta":{"origin":484,"position":2},"title":"Divendres 19 i dissabte 20 de maig ens veiem al Barri Riera de Cornell\u00e0","date":"14 de maig de 2017","format":"status","excerpt":"Divendres 19 els nostres Diables i Diablesses de Cua, amb Tabalers de Cua actuen al correfoc del Barri Riera de Cornell\u00e0 de Llobregat. Comencen a les 20:30 amb els Tabalers i a les 21:00 arrenca el correfoc, tot davant de l'Associaci\u00f3 de Ve\u00efns del barri, al carrer Sant Jeroni. Dissabte\u2026","rel":"","context":"In &quot;Not\u00edcies Dracs i Diables&quot;","img":{"alt_text":"","src":"https:\/\/i0.wp.com\/fomentculturacornella.cat\/wp-content\/uploads\/2017\/05\/riera.jpg?resize=350%2C200","width":350,"height":200},"classes":[]},{"id":473,"url":"https:\/\/fomentculturacornella.cat\/index.php\/2017\/10\/02\/dracs-i-diables-al-barri-pedro\/","url_meta":{"origin":484,"position":3},"title":"Dracs i Diables de Cua al barri Pedr\u00f3","date":"2 d'octubre de 2017","format":"status","excerpt":"Imatges dels nostres Dracs i Diables de Cua, amb el Tabalers de Cua, al correfoc de les festes del barri Pedr\u00f3 de Cornell\u00e0. Clica a la imatge per veure la galeria.","rel":"","context":"In &quot;Galeria de fotos i v\u00eddeos&quot;","img":{"alt_text":"","src":"https:\/\/i0.wp.com\/fomentculturacornella.cat\/wp-content\/uploads\/2017\/10\/DSCN4608-1024x683.jpg?resize=350%2C200","width":350,"height":200},"classes":[]},{"id":326,"url":"https:\/\/fomentculturacornella.cat\/index.php\/2017\/05\/01\/correfoc-barri-fontsana-fatjo\/","url_meta":{"origin":484,"position":4},"title":"Correfoc Barri Fontsanta-Fatj\u00f3","date":"1 de maig de 2017","format":"status","excerpt":"Cartell Fontsanta-Fatj\u00f3 2017 Divendres 5 de maig podreu gaudir dels nostres Tabalers de Cua a les 20:30 davant de l'hotel NH, just abans del correfoc, a les 21:00, on participaran els nostres Diables i Diablesses de Cua. Seguiu totes les recomanacions de seguretat pel b\u00e9 de la festa. \u200c","rel":"","context":"In &quot;Not\u00edcies Dracs i Diables&quot;","img":{"alt_text":"","src":"https:\/\/i0.wp.com\/fomentculturacornella.cat\/wp-content\/uploads\/2017\/05\/DSCN1403.jpg?resize=350%2C200","width":350,"height":200},"classes":[]},{"id":566,"url":"https:\/\/fomentculturacornella.cat\/index.php\/2018\/03\/17\/diumenge-18-de-marc-tambe-a-terrassa\/","url_meta":{"origin":484,"position":5},"title":"Diumenge 18 de mar\u00e7 tamb\u00e9 a Terrassa!","date":"17 de mar\u00e7 de 2018","format":"status","excerpt":"A les 10 del mat\u00ed els nostres Dracs, Tabalers i Capgrossos anem de festa al barri de Can Palet a Terrassa. Recordeu que a les 12:00 la Fontsanta, la nostra geganta aiguadera, estar\u00e1 a la Festa del Riu de Cornell\u00e0 ballant per tothom. Una mica m\u00e9s tard el Tabalers de\u2026","rel":"","context":"In &quot;Not\u00edcies Dracs i Diables&quot;","img":{"alt_text":"","src":"https:\/\/i0.wp.com\/fomentculturacornella.cat\/wp-content\/uploads\/2018\/03\/dscn48141772366724.jpg?resize=350%2C200","width":350,"height":200},"classes":[]}],"_links":{"self":[{"href":"https:\/\/fomentculturacornella.cat\/index.php\/wp-json\/wp\/v2\/posts\/484"}],"collection":[{"href":"https:\/\/fomentculturacornella.cat\/index.php\/wp-json\/wp\/v2\/posts"}],"about":[{"href":"https:\/\/fomentculturacornella.cat\/index.php\/wp-json\/wp\/v2\/types\/post"}],"author":[{"embeddable":true,"href":"https:\/\/fomentculturacornella.cat\/index.php\/wp-json\/wp\/v2\/users\/1"}],"replies":[{"embeddable":true,"href":"https:\/\/fomentculturacornella.cat\/index.php\/wp-json\/wp\/v2\/comments?post=484"}],"version-history":[{"count":4,"href":"https:\/\/fomentculturacornella.cat\/index.php\/wp-json\/wp\/v2\/posts\/484\/revisions"}],"predecessor-version":[{"id":489,"href":"https:\/\/fomentculturacornella.cat\/index.php\/wp-json\/wp\/v2\/posts\/484\/revisions\/489"}],"wp:attachment":[{"href":"https:\/\/fomentculturacornella.cat\/index.php\/wp-json\/wp\/v2\/media?parent=484"}],"wp:term":[{"taxonomy":"category","embeddable":true,"href":"https:\/\/fomentculturacornella.cat\/index.php\/wp-json\/wp\/v2\/categories?post=484"},{"taxonomy":"post_tag","embeddable":true,"href":"https:\/\/fomentculturacornella.cat\/index.php\/wp-json\/wp\/v2\/tags?post=484"}],"curies":[{"name":"wp","href":"https:\/\/api.w.org\/{rel}","templated":true}]}}