{"id":569,"date":"2018-03-18T21:45:46","date_gmt":"2018-03-18T20:45:46","guid":{"rendered":"http:\/\/fomentculturacornella.cat\/index.php\/2018\/03\/18\/can-palet-terrassa\/"},"modified":"2018-03-18T21:45:46","modified_gmt":"2018-03-18T20:45:46","slug":"can-palet-terrassa","status":"publish","type":"post","link":"https:\/\/fomentculturacornella.cat\/index.php\/2018\/03\/18\/can-palet-terrassa\/","title":{"rendered":"Can Palet (Terrassa)"},"content":{"rendered":"<p>Aqu\u00ed  podeu veure la nostra participaci\u00f3 a la Festa del barri  Can Palet (Terrassa)<\/p>\n<p><a href=\"https:\/\/photos.app.goo.gl\/R37oyzoEoG37s4kQ2\">https:\/\/photos.app.goo.gl\/R37oyzoEoG37s4kQ2<\/a><\/p>\n","protected":false},"excerpt":{"rendered":"<p>Aqu\u00ed podeu veure la nostra participaci\u00f3 a la Festa del barri Can Palet (Terrassa) https:\/\/photos.app.goo.gl\/R37oyzoEoG37s4kQ2<\/p>\n","protected":false},"author":1,"featured_media":0,"comment_status":"open","ping_status":"open","sticky":false,"template":"","format":"status","meta":{"jetpack_post_was_ever_published":false,"jetpack_publicize_message":"","jetpack_is_tweetstorm":false,"jetpack_publicize_feature_enabled":true,"jetpack_social_options":[]},"categories":[17,5,4,1],"tags":[],"jetpack_publicize_connections":[],"jetpack_featured_media_url":"","jetpack_sharing_enabled":true,"jetpack_shortlink":"https:\/\/wp.me\/p7uPvF-9b","jetpack-related-posts":[{"id":260,"url":"https:\/\/fomentculturacornella.cat\/index.php\/2017\/03\/18\/sortida-a-terrassa\/","url_meta":{"origin":569,"position":0},"title":"Sortida a Terrassa","date":"18 de mar\u00e7 de 2017","format":false,"excerpt":"Dem\u00e0 diumenge 19, anem a Terrassa a passejar dracs al ritme dels nostres tabals. Ens trobareu a la Pla\u00e7a de Can Palet de Terrassa a les 10:00.","rel":"","context":"In &quot;Not\u00edcies Dracs i Diables&quot;","img":{"alt_text":"","src":"","width":0,"height":0},"classes":[]},{"id":566,"url":"https:\/\/fomentculturacornella.cat\/index.php\/2018\/03\/17\/diumenge-18-de-marc-tambe-a-terrassa\/","url_meta":{"origin":569,"position":1},"title":"Diumenge 18 de mar\u00e7 tamb\u00e9 a Terrassa!","date":"17 de mar\u00e7 de 2018","format":"status","excerpt":"A les 10 del mat\u00ed els nostres Dracs, Tabalers i Capgrossos anem de festa al barri de Can Palet a Terrassa. Recordeu que a les 12:00 la Fontsanta, la nostra geganta aiguadera, estar\u00e1 a la Festa del Riu de Cornell\u00e0 ballant per tothom. Una mica m\u00e9s tard el Tabalers de\u2026","rel":"","context":"In &quot;Not\u00edcies Dracs i Diables&quot;","img":{"alt_text":"","src":"https:\/\/i0.wp.com\/fomentculturacornella.cat\/wp-content\/uploads\/2018\/03\/dscn48141772366724.jpg?resize=350%2C200","width":350,"height":200},"classes":[]},{"id":581,"url":"https:\/\/fomentculturacornella.cat\/index.php\/2018\/04\/11\/jordiada-2018\/","url_meta":{"origin":569,"position":2},"title":"Jordiada 2018","date":"11 d'abril de 2018","format":"status","excerpt":"Programa de la Jordiada","rel":"","context":"In &quot;Noticies Diablets de Cua&quot;","img":{"alt_text":"","src":"https:\/\/i0.wp.com\/fomentculturacornella.cat\/wp-content\/uploads\/2018\/04\/20180411_220757677165957.jpg?resize=350%2C200","width":350,"height":200},"classes":[]},{"id":724,"url":"https:\/\/fomentculturacornella.cat\/index.php\/2019\/06\/23\/populari-2019\/","url_meta":{"origin":569,"position":3},"title":"Populari 2019","date":"23 de juny de 2019","format":"status","excerpt":"Petit recull d'imatges del Populari de Corpus de Cornell\u00e0 2019","rel":"","context":"In &quot;Galeria de fotos i v\u00eddeos&quot;","img":{"alt_text":"","src":"https:\/\/i0.wp.com\/fomentculturacornella.cat\/wp-content\/uploads\/2019\/06\/dscn95536490195177427230227.jpg?resize=350%2C200&ssl=1","width":350,"height":200},"classes":[]},{"id":583,"url":"https:\/\/fomentculturacornella.cat\/index.php\/2018\/04\/14\/20-aniversari-dracs-de-cua-2018\/","url_meta":{"origin":569,"position":4},"title":"20 Aniversari Dracs De Cua 2018","date":"14 d'abril de 2018","format":"status","excerpt":"\u00c0lbum de fotos de l'aniversari dels nostres Dracs de Cua. https:\/\/photos.app.goo.gl\/EGMwo00Ngxxs26TA2","rel":"","context":"In &quot;Galeria de fotos i v\u00eddeos&quot;","img":{"alt_text":"","src":"https:\/\/i0.wp.com\/fomentculturacornella.cat\/wp-content\/uploads\/2018\/04\/img-20180409-wa00221991410558.jpg?resize=350%2C200","width":350,"height":200},"classes":[]},{"id":409,"url":"https:\/\/fomentculturacornella.cat\/index.php\/2017\/06\/21\/corpus-2017\/","url_meta":{"origin":569,"position":5},"title":"Corpus 2017","date":"21 de juny de 2017","format":"status","excerpt":"Han estat uns dies molts intensos a la Festa Major de Cornell\u00e0 de Llobregat: Corndefoc, Populari, Correfoc Infantil, PercuCorpus Aqu\u00ed trobareu algunes imatges i v\u00eddeos: Corndefoc Populari Correfoc Infantil PercuCorpus","rel":"","context":"In &quot;Galeria de fotos i v\u00eddeos&quot;","img":{"alt_text":"","src":"https:\/\/i0.wp.com\/fomentculturacornella.cat\/wp-content\/uploads\/2017\/06\/DSCN2921-1024x768.jpg?resize=350%2C200","width":350,"height":200},"classes":[]}],"_links":{"self":[{"href":"https:\/\/fomentculturacornella.cat\/index.php\/wp-json\/wp\/v2\/posts\/569"}],"collection":[{"href":"https:\/\/fomentculturacornella.cat\/index.php\/wp-json\/wp\/v2\/posts"}],"about":[{"href":"https:\/\/fomentculturacornella.cat\/index.php\/wp-json\/wp\/v2\/types\/post"}],"author":[{"embeddable":true,"href":"https:\/\/fomentculturacornella.cat\/index.php\/wp-json\/wp\/v2\/users\/1"}],"replies":[{"embeddable":true,"href":"https:\/\/fomentculturacornella.cat\/index.php\/wp-json\/wp\/v2\/comments?post=569"}],"version-history":[{"count":0,"href":"https:\/\/fomentculturacornella.cat\/index.php\/wp-json\/wp\/v2\/posts\/569\/revisions"}],"wp:attachment":[{"href":"https:\/\/fomentculturacornella.cat\/index.php\/wp-json\/wp\/v2\/media?parent=569"}],"wp:term":[{"taxonomy":"category","embeddable":true,"href":"https:\/\/fomentculturacornella.cat\/index.php\/wp-json\/wp\/v2\/categories?post=569"},{"taxonomy":"post_tag","embeddable":true,"href":"https:\/\/fomentculturacornella.cat\/index.php\/wp-json\/wp\/v2\/tags?post=569"}],"curies":[{"name":"wp","href":"https:\/\/api.w.org\/{rel}","templated":true}]}}