{"id":570,"date":"2018-03-18T21:48:41","date_gmt":"2018-03-18T20:48:41","guid":{"rendered":"http:\/\/fomentculturacornella.cat\/index.php\/2018\/03\/18\/festa-del-riu-2018-a-cornella-de-llobregat\/"},"modified":"2018-03-18T21:48:41","modified_gmt":"2018-03-18T20:48:41","slug":"festa-del-riu-2018-a-cornella-de-llobregat","status":"publish","type":"post","link":"https:\/\/fomentculturacornella.cat\/index.php\/2018\/03\/18\/festa-del-riu-2018-a-cornella-de-llobregat\/","title":{"rendered":"Festa del Riu 2018 a Cornell\u00e0 de Llobregat"},"content":{"rendered":"<p>Els nostres Tabalers de Cua animant la Festa del Riu.<\/p>\n<p><a href=\"https:\/\/photos.app.goo.gl\/dN0RhYqd0PeeEa6h1\">https:\/\/photos.app.goo.gl\/dN0RhYqd0PeeEa6h1<\/a><\/p>\n","protected":false},"excerpt":{"rendered":"<p>Els nostres Tabalers de Cua animant la Festa del Riu. https:\/\/photos.app.goo.gl\/dN0RhYqd0PeeEa6h1<\/p>\n","protected":false},"author":1,"featured_media":0,"comment_status":"open","ping_status":"open","sticky":false,"template":"","format":"status","meta":{"jetpack_post_was_ever_published":false,"jetpack_publicize_message":"","jetpack_is_tweetstorm":false,"jetpack_publicize_feature_enabled":true,"jetpack_social_options":[]},"categories":[17,4],"tags":[],"jetpack_publicize_connections":[],"jetpack_featured_media_url":"","jetpack_sharing_enabled":true,"jetpack_shortlink":"https:\/\/wp.me\/p7uPvF-9c","jetpack-related-posts":[{"id":558,"url":"https:\/\/fomentculturacornella.cat\/index.php\/2018\/03\/10\/5a-festa-del-riu\/","url_meta":{"origin":570,"position":0},"title":"5a Festa del Riu","date":"10 de mar\u00e7 de 2018","format":"status","excerpt":"El proper diumenge 18 ens trobareu a la Festa del Riu.","rel":"","context":"In &quot;Not\u00edcies Tabalers&quot;","img":{"alt_text":"","src":"https:\/\/i0.wp.com\/fomentculturacornella.cat\/wp-content\/uploads\/2018\/03\/screenshot_20180310-1650011212238620.png?resize=350%2C200","width":350,"height":200},"classes":[]},{"id":271,"url":"https:\/\/fomentculturacornella.cat\/index.php\/2017\/03\/26\/festa-del-riu-cornella\/","url_meta":{"origin":570,"position":1},"title":"Festa del Riu Cornell\u00e0\u00a0","date":"26 de mar\u00e7 de 2017","format":false,"excerpt":"Diumenge 26 a partir de les 12:30 ens trobareu a la Festa del Riu. No falteu!!","rel":"","context":"In &quot;Not\u00edcies Tabalers&quot;","img":{"alt_text":"","src":"https:\/\/i0.wp.com\/fomentculturacornella.cat\/wp-content\/uploads\/2017\/03\/wp-image-186272318jpg.jpg?resize=350%2C200","width":350,"height":200},"classes":[]},{"id":566,"url":"https:\/\/fomentculturacornella.cat\/index.php\/2018\/03\/17\/diumenge-18-de-marc-tambe-a-terrassa\/","url_meta":{"origin":570,"position":2},"title":"Diumenge 18 de mar\u00e7 tamb\u00e9 a Terrassa!","date":"17 de mar\u00e7 de 2018","format":"status","excerpt":"A les 10 del mat\u00ed els nostres Dracs, Tabalers i Capgrossos anem de festa al barri de Can Palet a Terrassa. Recordeu que a les 12:00 la Fontsanta, la nostra geganta aiguadera, estar\u00e1 a la Festa del Riu de Cornell\u00e0 ballant per tothom. Una mica m\u00e9s tard el Tabalers de\u2026","rel":"","context":"In &quot;Not\u00edcies Dracs i Diables&quot;","img":{"alt_text":"","src":"https:\/\/i0.wp.com\/fomentculturacornella.cat\/wp-content\/uploads\/2018\/03\/dscn48141772366724.jpg?resize=350%2C200","width":350,"height":200},"classes":[]},{"id":177,"url":"https:\/\/fomentculturacornella.cat\/index.php\/2016\/05\/14\/177\/","url_meta":{"origin":570,"position":3},"title":"Galeria multim\u00e8dia","date":"14 de maig de 2016","format":"status","excerpt":"Aqu\u00ed podeu veure algunes fotos i v\u00eddeos de les nostres seccions. Canal Youtube Tabalers de Cua Tabalada Castellgal\u00ed 2016 Cercavila Riera 2016 Correfoc Riera 2016 XXI Trobada Gegantera Cornell\u00e0 2016 XXI Trobada Gegantera Cornell\u00e0 2016(2) Participaci\u00f3 de les gralles i tabals de Geganters de Cornell\u00e0 a les Matinades 2016 Corpus\u2026","rel":"","context":"In &quot;Galeria de fotos i v\u00eddeos&quot;","img":{"alt_text":"","src":"","width":0,"height":0},"classes":[]},{"id":589,"url":"https:\/\/fomentculturacornella.cat\/index.php\/2018\/05\/27\/tabalers-de-cua-petits-festa-primavera-escola-sant-miquel\/","url_meta":{"origin":570,"position":4},"title":"Tabalers de Cua petits (Festa Primavera Escola Sant Miquel)","date":"27 de maig de 2018","format":"status","excerpt":"https:\/\/photos.app.goo.gl\/SCVpUmj03SLyVE4G3","rel":"","context":"In &quot;Galeria de fotos i v\u00eddeos&quot;","img":{"alt_text":"","src":"","width":0,"height":0},"classes":[]},{"id":370,"url":"https:\/\/fomentculturacornella.cat\/index.php\/2017\/05\/14\/festa-major-de-nou-barris-imatges\/","url_meta":{"origin":570,"position":5},"title":"Festa Major de Nou Barris (imatges)","date":"14 de maig de 2017","format":"status","excerpt":"Clicant la foto podreu veure la resta d'imatges i v\u00eddeos de la participaci\u00f3 dels nostres Diables, Diablesses i Tabalers de Cua a la Festa Major de Nou Barris el dissabte 13 de maig de 2017.","rel":"","context":"In &quot;Galeria de fotos i v\u00eddeos&quot;","img":{"alt_text":"","src":"https:\/\/i0.wp.com\/fomentculturacornella.cat\/wp-content\/uploads\/2017\/05\/grupo-nou-barris-1024x564.jpg?resize=350%2C200","width":350,"height":200},"classes":[]}],"_links":{"self":[{"href":"https:\/\/fomentculturacornella.cat\/index.php\/wp-json\/wp\/v2\/posts\/570"}],"collection":[{"href":"https:\/\/fomentculturacornella.cat\/index.php\/wp-json\/wp\/v2\/posts"}],"about":[{"href":"https:\/\/fomentculturacornella.cat\/index.php\/wp-json\/wp\/v2\/types\/post"}],"author":[{"embeddable":true,"href":"https:\/\/fomentculturacornella.cat\/index.php\/wp-json\/wp\/v2\/users\/1"}],"replies":[{"embeddable":true,"href":"https:\/\/fomentculturacornella.cat\/index.php\/wp-json\/wp\/v2\/comments?post=570"}],"version-history":[{"count":0,"href":"https:\/\/fomentculturacornella.cat\/index.php\/wp-json\/wp\/v2\/posts\/570\/revisions"}],"wp:attachment":[{"href":"https:\/\/fomentculturacornella.cat\/index.php\/wp-json\/wp\/v2\/media?parent=570"}],"wp:term":[{"taxonomy":"category","embeddable":true,"href":"https:\/\/fomentculturacornella.cat\/index.php\/wp-json\/wp\/v2\/categories?post=570"},{"taxonomy":"post_tag","embeddable":true,"href":"https:\/\/fomentculturacornella.cat\/index.php\/wp-json\/wp\/v2\/tags?post=570"}],"curies":[{"name":"wp","href":"https:\/\/api.w.org\/{rel}","templated":true}]}}