{"id":572,"date":"2018-03-25T16:46:19","date_gmt":"2018-03-25T14:46:19","guid":{"rendered":"http:\/\/fomentculturacornella.cat\/?p=572"},"modified":"2018-03-25T16:48:19","modified_gmt":"2018-03-25T14:48:19","slug":"que-li-passa-al-drac-de-cua","status":"publish","type":"post","link":"https:\/\/fomentculturacornella.cat\/index.php\/2018\/03\/25\/que-li-passa-al-drac-de-cua\/","title":{"rendered":"Qu\u00e8 li passa al Drac de Cua?"},"content":{"rendered":"<p>Pobret, est\u00e0 neguit\u00f3s!<\/p>\n<p>Acaba de comen\u00e7ar la primavera i a m\u00e9s s&#8217;apropa el seu aniversari i el dels seus germans!<\/p>\n<p>Encara no ho saben, per\u00f2 estem preparant una festa sorpresa pel dia 13 d&#8217;abril, a les 20:45 al Castell de Cornell\u00e0.<\/p>\n<p>Esteu convidats!<\/p>\n<p><img data-attachment-id=\"571\" data-permalink=\"https:\/\/fomentculturacornella.cat\/dsc_0505-animation\/\" data-orig-file=\"https:\/\/i0.wp.com\/fomentculturacornella.cat\/wp-content\/uploads\/2018\/03\/DSC_0505-ANIMATION.gif?fit=972%2C550&amp;ssl=1\" data-orig-size=\"972,550\" data-comments-opened=\"1\" data-image-meta=\"{&quot;aperture&quot;:&quot;0&quot;,&quot;credit&quot;:&quot;&quot;,&quot;camera&quot;:&quot;&quot;,&quot;caption&quot;:&quot;&quot;,&quot;created_timestamp&quot;:&quot;0&quot;,&quot;copyright&quot;:&quot;&quot;,&quot;focal_length&quot;:&quot;0&quot;,&quot;iso&quot;:&quot;0&quot;,&quot;shutter_speed&quot;:&quot;0&quot;,&quot;title&quot;:&quot;&quot;,&quot;orientation&quot;:&quot;0&quot;}\" data-image-title=\"DSC_0505-ANIMATION.gif\" data-image-description=\"\" data-image-caption=\"\" data-medium-file=\"https:\/\/i0.wp.com\/fomentculturacornella.cat\/wp-content\/uploads\/2018\/03\/DSC_0505-ANIMATION.gif?fit=300%2C170&amp;ssl=1\" data-large-file=\"https:\/\/i0.wp.com\/fomentculturacornella.cat\/wp-content\/uploads\/2018\/03\/DSC_0505-ANIMATION.gif?fit=840%2C475&amp;ssl=1\" decoding=\"async\" loading=\"lazy\" class=\"alignnone wp-image-571 size-full\" src=\"https:\/\/i0.wp.com\/fomentculturacornella.cat\/wp-content\/uploads\/2018\/03\/DSC_0505-ANIMATION.gif?resize=840%2C475&#038;ssl=1\" width=\"840\" height=\"475\"  data-recalc-dims=\"1\"><\/p>\n","protected":false},"excerpt":{"rendered":"<p>Pobret, est\u00e0 neguit\u00f3s! Acaba de comen\u00e7ar la primavera i a m\u00e9s s&#8217;apropa el seu aniversari i el dels seus germans! Encara no ho saben, per\u00f2 estem preparant una festa sorpresa pel dia 13 d&#8217;abril, a les 20:45 al Castell de Cornell\u00e0. Esteu convidats!<\/p>\n","protected":false},"author":1,"featured_media":0,"comment_status":"open","ping_status":"open","sticky":false,"template":"","format":"status","meta":{"jetpack_post_was_ever_published":false,"jetpack_publicize_message":"","jetpack_is_tweetstorm":false,"jetpack_publicize_feature_enabled":true,"jetpack_social_options":[]},"categories":[5],"tags":[],"jetpack_publicize_connections":[],"jetpack_featured_media_url":"","jetpack_sharing_enabled":true,"jetpack_shortlink":"https:\/\/wp.me\/p7uPvF-9e","jetpack-related-posts":[],"_links":{"self":[{"href":"https:\/\/fomentculturacornella.cat\/index.php\/wp-json\/wp\/v2\/posts\/572"}],"collection":[{"href":"https:\/\/fomentculturacornella.cat\/index.php\/wp-json\/wp\/v2\/posts"}],"about":[{"href":"https:\/\/fomentculturacornella.cat\/index.php\/wp-json\/wp\/v2\/types\/post"}],"author":[{"embeddable":true,"href":"https:\/\/fomentculturacornella.cat\/index.php\/wp-json\/wp\/v2\/users\/1"}],"replies":[{"embeddable":true,"href":"https:\/\/fomentculturacornella.cat\/index.php\/wp-json\/wp\/v2\/comments?post=572"}],"version-history":[{"count":1,"href":"https:\/\/fomentculturacornella.cat\/index.php\/wp-json\/wp\/v2\/posts\/572\/revisions"}],"predecessor-version":[{"id":573,"href":"https:\/\/fomentculturacornella.cat\/index.php\/wp-json\/wp\/v2\/posts\/572\/revisions\/573"}],"wp:attachment":[{"href":"https:\/\/fomentculturacornella.cat\/index.php\/wp-json\/wp\/v2\/media?parent=572"}],"wp:term":[{"taxonomy":"category","embeddable":true,"href":"https:\/\/fomentculturacornella.cat\/index.php\/wp-json\/wp\/v2\/categories?post=572"},{"taxonomy":"post_tag","embeddable":true,"href":"https:\/\/fomentculturacornella.cat\/index.php\/wp-json\/wp\/v2\/tags?post=572"}],"curies":[{"name":"wp","href":"https:\/\/api.w.org\/{rel}","templated":true}]}}