{"id":598,"date":"2018-09-30T15:29:54","date_gmt":"2018-09-30T13:29:54","guid":{"rendered":"https:\/\/fomentculturacornella.cat\/index.php\/2018\/09\/30\/cercavila-barri-pedro-2018\/"},"modified":"2019-08-06T17:28:28","modified_gmt":"2019-08-06T15:28:28","slug":"cercavila-barri-pedro-2018","status":"publish","type":"post","link":"https:\/\/fomentculturacornella.cat\/index.php\/2018\/09\/30\/cercavila-barri-pedro-2018\/","title":{"rendered":"Cercavila Barri Pedr\u00f3 2018"},"content":{"rendered":"<p><img data-attachment-id=\"597\" data-permalink=\"https:\/\/fomentculturacornella.cat\/dscn92713896631760615118016\/\" data-orig-file=\"https:\/\/i0.wp.com\/fomentculturacornella.cat\/wp-content\/uploads\/2018\/09\/dscn92713896631760615118016.jpg?fit=3000%2C2000&amp;ssl=1\" data-orig-size=\"3000,2000\" data-comments-opened=\"1\" data-image-meta=\"{&quot;aperture&quot;:&quot;0&quot;,&quot;credit&quot;:&quot;&quot;,&quot;camera&quot;:&quot;&quot;,&quot;caption&quot;:&quot;&quot;,&quot;created_timestamp&quot;:&quot;0&quot;,&quot;copyright&quot;:&quot;&quot;,&quot;focal_length&quot;:&quot;0&quot;,&quot;iso&quot;:&quot;0&quot;,&quot;shutter_speed&quot;:&quot;0&quot;,&quot;title&quot;:&quot;&quot;,&quot;orientation&quot;:&quot;0&quot;}\" data-image-title=\"dscn92713896631760615118016.jpg\" data-image-description=\"\" data-image-caption=\"\" data-medium-file=\"https:\/\/i0.wp.com\/fomentculturacornella.cat\/wp-content\/uploads\/2018\/09\/dscn92713896631760615118016.jpg?fit=300%2C200&amp;ssl=1\" data-large-file=\"https:\/\/i0.wp.com\/fomentculturacornella.cat\/wp-content\/uploads\/2018\/09\/dscn92713896631760615118016.jpg?fit=840%2C560&amp;ssl=1\" decoding=\"async\" loading=\"lazy\" src=\"https:\/\/i0.wp.com\/fomentculturacornella.cat\/wp-content\/uploads\/2018\/09\/dscn92713896631760615118016.jpg?resize=840%2C560&#038;ssl=1\" class=\"wp-image-597 alignnone size-full\" width=\"840\" height=\"560\" srcset=\"https:\/\/i0.wp.com\/fomentculturacornella.cat\/wp-content\/uploads\/2018\/09\/dscn92713896631760615118016.jpg?w=3000&amp;ssl=1 3000w, https:\/\/i0.wp.com\/fomentculturacornella.cat\/wp-content\/uploads\/2018\/09\/dscn92713896631760615118016.jpg?resize=300%2C200&amp;ssl=1 300w, https:\/\/i0.wp.com\/fomentculturacornella.cat\/wp-content\/uploads\/2018\/09\/dscn92713896631760615118016.jpg?resize=768%2C512&amp;ssl=1 768w, https:\/\/i0.wp.com\/fomentculturacornella.cat\/wp-content\/uploads\/2018\/09\/dscn92713896631760615118016.jpg?resize=1024%2C683&amp;ssl=1 1024w, https:\/\/i0.wp.com\/fomentculturacornella.cat\/wp-content\/uploads\/2018\/09\/dscn92713896631760615118016.jpg?resize=1200%2C800&amp;ssl=1 1200w, https:\/\/i0.wp.com\/fomentculturacornella.cat\/wp-content\/uploads\/2018\/09\/dscn92713896631760615118016.jpg?w=1680&amp;ssl=1 1680w, https:\/\/i0.wp.com\/fomentculturacornella.cat\/wp-content\/uploads\/2018\/09\/dscn92713896631760615118016.jpg?w=2520&amp;ssl=1 2520w\" sizes=\"(max-width: 709px) 85vw, (max-width: 909px) 67vw, (max-width: 1362px) 62vw, 840px\" data-recalc-dims=\"1\" \/><\/p>\n<p><a href=\"https:\/\/photos.app.goo.gl\/sgGJjV1fQA9pUCCw7\">https:\/\/photos.app.goo.gl\/sgGJjV1fQA9pUCCw7<\/a><\/p>\n","protected":false},"excerpt":{"rendered":"<p>https:\/\/photos.app.goo.gl\/sgGJjV1fQA9pUCCw7<\/p>\n","protected":false},"author":1,"featured_media":0,"comment_status":"closed","ping_status":"open","sticky":false,"template":"","format":"status","meta":{"jetpack_post_was_ever_published":false,"jetpack_publicize_message":"","jetpack_is_tweetstorm":false,"jetpack_publicize_feature_enabled":true,"jetpack_social_options":[]},"categories":[1],"tags":[],"jetpack_publicize_connections":[],"jetpack_featured_media_url":"","jetpack_sharing_enabled":true,"jetpack_shortlink":"https:\/\/wp.me\/p7uPvF-9E","jetpack-related-posts":[{"id":600,"url":"https:\/\/fomentculturacornella.cat\/index.php\/2018\/09\/30\/matinal-infantil-barri-pedro-2018\/","url_meta":{"origin":598,"position":0},"title":"Matinal Infantil Barri Pedr\u00f3 2018","date":"30 de setembre de 2018","format":"status","excerpt":"https:\/\/photos.app.goo.gl\/xYPs2sKoeJnmfVPn7","rel":"","context":"In &quot;Sin categor\u00eda&quot;","img":{"alt_text":"","src":"","width":0,"height":0},"classes":[]},{"id":593,"url":"https:\/\/fomentculturacornella.cat\/index.php\/2018\/09\/28\/festes-del-barri-pedro\/","url_meta":{"origin":598,"position":1},"title":"Festes del barri Pedr\u00f3","date":"28 de setembre de 2018","format":"status","excerpt":"Recordeu que aquest cap de setmana tenen lloc les festes de Sant Miquel al barri Pedr\u00f3. Podreu veure el correfoc infantil amb Diablets de Cua i Tabals Petits de Cua a les 20:30 amb inici davant de l'Orfe\u00f3 Catalonia. El correfoc adult s'iniciar\u00e0 a les 21:30 al mateix lloc. Hi\u2026","rel":"","context":"In &quot;Sin categor\u00eda&quot;","img":{"alt_text":"","src":"https:\/\/i0.wp.com\/fomentculturacornella.cat\/wp-content\/uploads\/2018\/09\/img-20180923-wa00204300303130485510391.jpg?resize=350%2C200&ssl=1","width":350,"height":200},"classes":[]},{"id":477,"url":"https:\/\/fomentculturacornella.cat\/index.php\/2017\/10\/02\/cercavila-festes-del-barri-pedro\/","url_meta":{"origin":598,"position":2},"title":"Cercavila festes del barri Pedr\u00f3","date":"2 d'octubre de 2017","format":"status","excerpt":"El nostre Drac d'aigua, els Tabalers de Cua, els Geganters\/es de Cornell\u00e0 i les gralles i tabals de gegants van sortir, sense por a la pluja, a animar el barri del Pedr\u00f3. Clica la imatge per veure la galeria.","rel":"","context":"In &quot;Galeria de fotos i v\u00eddeos&quot;","img":{"alt_text":"","src":"https:\/\/i0.wp.com\/fomentculturacornella.cat\/wp-content\/uploads\/2017\/10\/DSCN4698.jpg?resize=350%2C200","width":350,"height":200},"classes":[]},{"id":587,"url":"https:\/\/fomentculturacornella.cat\/index.php\/2018\/05\/20\/riera-2018\/","url_meta":{"origin":598,"position":3},"title":"Riera 2018","date":"20 de maig de 2018","format":"status","excerpt":"\u00c0lbum de la festa del Barri Riera a Cornell\u00e0 de Llobregat https:\/\/photos.app.goo.gl\/UZB9YpkRf76w42733","rel":"","context":"In &quot;Sin categor\u00eda&quot;","img":{"alt_text":"","src":"https:\/\/i0.wp.com\/fomentculturacornella.cat\/wp-content\/uploads\/2018\/05\/img-20180518-wa00032755200622420106930.jpg?resize=350%2C200","width":350,"height":200},"classes":[]},{"id":569,"url":"https:\/\/fomentculturacornella.cat\/index.php\/2018\/03\/18\/can-palet-terrassa\/","url_meta":{"origin":598,"position":4},"title":"Can Palet (Terrassa)","date":"18 de mar\u00e7 de 2018","format":"status","excerpt":"Aqu\u00ed podeu veure la nostra participaci\u00f3 a la Festa del barri Can Palet (Terrassa) https:\/\/photos.app.goo.gl\/R37oyzoEoG37s4kQ2","rel":"","context":"In &quot;Galeria de fotos i v\u00eddeos&quot;","img":{"alt_text":"","src":"","width":0,"height":0},"classes":[]},{"id":467,"url":"https:\/\/fomentculturacornella.cat\/index.php\/2017\/09\/28\/festes-de-sant-miquel-al-barri-pedro\/","url_meta":{"origin":598,"position":5},"title":"Festes de Sant Miquel al barri Pedr\u00f3","date":"28 de setembre de 2017","format":"status","excerpt":"Aquest divendres 29 comencem la nostra participaci\u00f3 a les festes del nostre barri, el Pedr\u00f3. A les 20:30 correfoc infantil amb els Diablets de Cua. A les 21:30 correfoc adult amb Cua de Drac i Diables de Cornell\u00e0. Dissabte a les 11:00 actuaci\u00f3 dels Petits Tabalers de Cua i a\u2026","rel":"","context":"In &quot;Noticies Diablets de Cua&quot;","img":{"alt_text":"","src":"","width":0,"height":0},"classes":[]}],"_links":{"self":[{"href":"https:\/\/fomentculturacornella.cat\/index.php\/wp-json\/wp\/v2\/posts\/598"}],"collection":[{"href":"https:\/\/fomentculturacornella.cat\/index.php\/wp-json\/wp\/v2\/posts"}],"about":[{"href":"https:\/\/fomentculturacornella.cat\/index.php\/wp-json\/wp\/v2\/types\/post"}],"author":[{"embeddable":true,"href":"https:\/\/fomentculturacornella.cat\/index.php\/wp-json\/wp\/v2\/users\/1"}],"replies":[{"embeddable":true,"href":"https:\/\/fomentculturacornella.cat\/index.php\/wp-json\/wp\/v2\/comments?post=598"}],"version-history":[{"count":1,"href":"https:\/\/fomentculturacornella.cat\/index.php\/wp-json\/wp\/v2\/posts\/598\/revisions"}],"predecessor-version":[{"id":752,"href":"https:\/\/fomentculturacornella.cat\/index.php\/wp-json\/wp\/v2\/posts\/598\/revisions\/752"}],"wp:attachment":[{"href":"https:\/\/fomentculturacornella.cat\/index.php\/wp-json\/wp\/v2\/media?parent=598"}],"wp:term":[{"taxonomy":"category","embeddable":true,"href":"https:\/\/fomentculturacornella.cat\/index.php\/wp-json\/wp\/v2\/categories?post=598"},{"taxonomy":"post_tag","embeddable":true,"href":"https:\/\/fomentculturacornella.cat\/index.php\/wp-json\/wp\/v2\/tags?post=598"}],"curies":[{"name":"wp","href":"https:\/\/api.w.org\/{rel}","templated":true}]}}