{"id":652,"date":"2019-02-24T22:41:08","date_gmt":"2019-02-24T21:41:08","guid":{"rendered":"https:\/\/fomentculturacornella.cat\/index.php\/2019\/02\/24\/carnaval-castellvi-de-rosanes-2019\/"},"modified":"2019-08-06T17:28:28","modified_gmt":"2019-08-06T15:28:28","slug":"carnaval-castellvi-de-rosanes-2019","status":"publish","type":"post","link":"https:\/\/fomentculturacornella.cat\/index.php\/2019\/02\/24\/carnaval-castellvi-de-rosanes-2019\/","title":{"rendered":"Carnaval Castellv\u00ed de Rosanes 2019"},"content":{"rendered":"<p>Segona aventura de l&#8217;any a la cercavila de Carnaval de Castellv\u00ed de Rosanes.<\/p>\n<p>Grans i petits tocant junts!<\/p>\n<p><img data-attachment-id=\"651\" data-permalink=\"https:\/\/fomentculturacornella.cat\/dscn91367004233832696931698\/\" data-orig-file=\"https:\/\/i0.wp.com\/fomentculturacornella.cat\/wp-content\/uploads\/2019\/02\/dscn91367004233832696931698.jpg?fit=3000%2C2000&amp;ssl=1\" data-orig-size=\"3000,2000\" data-comments-opened=\"0\" data-image-meta=\"{&quot;aperture&quot;:&quot;0&quot;,&quot;credit&quot;:&quot;&quot;,&quot;camera&quot;:&quot;&quot;,&quot;caption&quot;:&quot;&quot;,&quot;created_timestamp&quot;:&quot;0&quot;,&quot;copyright&quot;:&quot;&quot;,&quot;focal_length&quot;:&quot;0&quot;,&quot;iso&quot;:&quot;0&quot;,&quot;shutter_speed&quot;:&quot;0&quot;,&quot;title&quot;:&quot;&quot;,&quot;orientation&quot;:&quot;0&quot;}\" data-image-title=\"dscn91367004233832696931698.jpg\" data-image-description=\"\" data-image-caption=\"\" data-medium-file=\"https:\/\/i0.wp.com\/fomentculturacornella.cat\/wp-content\/uploads\/2019\/02\/dscn91367004233832696931698.jpg?fit=300%2C200&amp;ssl=1\" data-large-file=\"https:\/\/i0.wp.com\/fomentculturacornella.cat\/wp-content\/uploads\/2019\/02\/dscn91367004233832696931698.jpg?fit=840%2C560&amp;ssl=1\" decoding=\"async\" loading=\"lazy\" src=\"https:\/\/i0.wp.com\/fomentculturacornella.cat\/wp-content\/uploads\/2019\/02\/dscn91367004233832696931698.jpg?resize=840%2C560&#038;ssl=1\" class=\"wp-image-651 alignnone size-full\" width=\"840\" height=\"560\" srcset=\"https:\/\/i0.wp.com\/fomentculturacornella.cat\/wp-content\/uploads\/2019\/02\/dscn91367004233832696931698.jpg?w=3000&amp;ssl=1 3000w, https:\/\/i0.wp.com\/fomentculturacornella.cat\/wp-content\/uploads\/2019\/02\/dscn91367004233832696931698.jpg?resize=300%2C200&amp;ssl=1 300w, https:\/\/i0.wp.com\/fomentculturacornella.cat\/wp-content\/uploads\/2019\/02\/dscn91367004233832696931698.jpg?resize=768%2C512&amp;ssl=1 768w, https:\/\/i0.wp.com\/fomentculturacornella.cat\/wp-content\/uploads\/2019\/02\/dscn91367004233832696931698.jpg?resize=1024%2C683&amp;ssl=1 1024w, https:\/\/i0.wp.com\/fomentculturacornella.cat\/wp-content\/uploads\/2019\/02\/dscn91367004233832696931698.jpg?resize=1200%2C800&amp;ssl=1 1200w, https:\/\/i0.wp.com\/fomentculturacornella.cat\/wp-content\/uploads\/2019\/02\/dscn91367004233832696931698.jpg?w=1680&amp;ssl=1 1680w, https:\/\/i0.wp.com\/fomentculturacornella.cat\/wp-content\/uploads\/2019\/02\/dscn91367004233832696931698.jpg?w=2520&amp;ssl=1 2520w\" sizes=\"(max-width: 709px) 85vw, (max-width: 909px) 67vw, (max-width: 1362px) 62vw, 840px\" data-recalc-dims=\"1\" \/><\/p>\n<p>Gr\u00e0cies a l&#8217;Ajuntament i a la Trampolina per convidar-nos un any m\u00e9s.<\/p>\n<p><a target=\"_blank\" rel=\"noopener noreferrer\" href=\"https:\/\/photos.app.goo.gl\/76rRCDDBtiV6kfv77\">GALERIA D&#8217;IMATGES<\/a><\/p>\n","protected":false},"excerpt":{"rendered":"<p>Segona aventura de l&#8217;any a la cercavila de Carnaval de Castellv\u00ed de Rosanes. Grans i petits tocant junts! Gr\u00e0cies a l&#8217;Ajuntament i a la Trampolina per convidar-nos un any m\u00e9s. GALERIA D&#8217;IMATGES<\/p>\n","protected":false},"author":1,"featured_media":0,"comment_status":"closed","ping_status":"open","sticky":false,"template":"","format":"status","meta":{"jetpack_post_was_ever_published":false,"jetpack_publicize_message":"","jetpack_is_tweetstorm":false,"jetpack_publicize_feature_enabled":true,"jetpack_social_options":[]},"categories":[17,4],"tags":[7],"jetpack_publicize_connections":[],"jetpack_featured_media_url":"","jetpack_sharing_enabled":true,"jetpack_shortlink":"https:\/\/wp.me\/p7uPvF-aw","jetpack-related-posts":[{"id":546,"url":"https:\/\/fomentculturacornella.cat\/index.php\/2018\/02\/04\/carnaval-castellvi-de-rosanes-2018\/","url_meta":{"origin":652,"position":0},"title":"Carnaval Castellv\u00ed de Rosanes 2018","date":"4 de febrer de 2018","format":"status","excerpt":"Galeria d'imatges","rel":"","context":"In &quot;Galeria de fotos i v\u00eddeos&quot;","img":{"alt_text":"","src":"https:\/\/i0.wp.com\/fomentculturacornella.cat\/wp-content\/uploads\/2018\/02\/DSCN5588-1024x683.jpg?resize=350%2C200","width":350,"height":200},"classes":[]},{"id":242,"url":"https:\/\/fomentculturacornella.cat\/index.php\/2017\/03\/02\/carnaval-can-sunyer-castellvi-de-rosanes\/","url_meta":{"origin":652,"position":1},"title":"Carnaval Can Sunyer (Castellv\u00ed de Rosanes)\u00a0","date":"2 de mar\u00e7 de 2017","format":false,"excerpt":"Si encara teniu ganes de carnaval ens podeu acompanyar a la cercavila de Can Sunyer i Valldaina (Castellv\u00ed de Rosanes). Dissabte 4 de mar\u00e7 a les 12:30 al centre c\u00edvic.\u00a0","rel":"","context":"In &quot;Not\u00edcies Tabalers&quot;","img":{"alt_text":"","src":"https:\/\/i0.wp.com\/fomentculturacornella.cat\/wp-content\/uploads\/2017\/03\/wp-1488483629340.jpg?resize=350%2C200","width":350,"height":200},"classes":[]},{"id":544,"url":"https:\/\/fomentculturacornella.cat\/index.php\/2018\/02\/03\/ja-estem-a-carnaval\/","url_meta":{"origin":652,"position":2},"title":"Ja estem a Carnaval!!","date":"3 de febrer de 2018","format":"status","excerpt":"Ja estem a Carnaval! Si no us ho creieu, veniu aquesta tarda a Castellv\u00ed de Rosanes amb nosaltres! A les 19:00 hores gran cercavila i concurs de disfresses. Festa assegurada! Nosaltres hi serem animant al personal!!","rel":"","context":"In &quot;Not\u00edcies Tabalers&quot;","img":{"alt_text":"","src":"https:\/\/i0.wp.com\/fomentculturacornella.cat\/wp-content\/uploads\/2016\/03\/DSCN7516-e1458663185129-225x300.jpg?resize=350%2C200","width":350,"height":200},"classes":[]},{"id":814,"url":"https:\/\/fomentculturacornella.cat\/index.php\/2020\/02\/23\/carnaval-barri-can-sunyer-castellvi-de-rosanes-23-02-2020\/","url_meta":{"origin":652,"position":3},"title":"Carnaval Barri Can Sunyer (Castellv\u00ed de Rosanes) 23.02.2020","date":"23 de febrer de 2020","format":"status","excerpt":"Clica per veure totes les imatges","rel":"","context":"In &quot;Sin categor\u00eda&quot;","img":{"alt_text":"","src":"https:\/\/i0.wp.com\/fomentculturacornella.cat\/wp-content\/uploads\/2020\/02\/img_20200223_112704921_hdr6911966893651368872.jpg?resize=350%2C200&ssl=1","width":350,"height":200},"classes":[]},{"id":246,"url":"https:\/\/fomentculturacornella.cat\/index.php\/2017\/03\/04\/carnaval-can-sunyer-i-valldaina-castellvi-de-rosanes-2017\/","url_meta":{"origin":652,"position":4},"title":"Carnaval Can Sunyer i Valldaina (Castellv\u00ed de Rosanes) 2017","date":"4 de mar\u00e7 de 2017","format":false,"excerpt":"Avui hem animat la rua de Carnaval del ve\u00efns de Can Sunyer i Valldaina. https:\/\/goo.gl\/photos\/Q1TsDvum9JEkGj5c6","rel":"","context":"In &quot;Sin categor\u00eda&quot;","img":{"alt_text":"","src":"https:\/\/i0.wp.com\/fomentculturacornella.cat\/wp-content\/uploads\/2017\/03\/wp-image-1520309430jpg.jpg?resize=350%2C200","width":350,"height":200},"classes":[]},{"id":177,"url":"https:\/\/fomentculturacornella.cat\/index.php\/2016\/05\/14\/177\/","url_meta":{"origin":652,"position":5},"title":"Galeria multim\u00e8dia","date":"14 de maig de 2016","format":"status","excerpt":"Aqu\u00ed podeu veure algunes fotos i v\u00eddeos de les nostres seccions. Canal Youtube Tabalers de Cua Tabalada Castellgal\u00ed 2016 Cercavila Riera 2016 Correfoc Riera 2016 XXI Trobada Gegantera Cornell\u00e0 2016 XXI Trobada Gegantera Cornell\u00e0 2016(2) Participaci\u00f3 de les gralles i tabals de Geganters de Cornell\u00e0 a les Matinades 2016 Corpus\u2026","rel":"","context":"In &quot;Galeria de fotos i v\u00eddeos&quot;","img":{"alt_text":"","src":"","width":0,"height":0},"classes":[]}],"_links":{"self":[{"href":"https:\/\/fomentculturacornella.cat\/index.php\/wp-json\/wp\/v2\/posts\/652"}],"collection":[{"href":"https:\/\/fomentculturacornella.cat\/index.php\/wp-json\/wp\/v2\/posts"}],"about":[{"href":"https:\/\/fomentculturacornella.cat\/index.php\/wp-json\/wp\/v2\/types\/post"}],"author":[{"embeddable":true,"href":"https:\/\/fomentculturacornella.cat\/index.php\/wp-json\/wp\/v2\/users\/1"}],"replies":[{"embeddable":true,"href":"https:\/\/fomentculturacornella.cat\/index.php\/wp-json\/wp\/v2\/comments?post=652"}],"version-history":[{"count":1,"href":"https:\/\/fomentculturacornella.cat\/index.php\/wp-json\/wp\/v2\/posts\/652\/revisions"}],"predecessor-version":[{"id":750,"href":"https:\/\/fomentculturacornella.cat\/index.php\/wp-json\/wp\/v2\/posts\/652\/revisions\/750"}],"wp:attachment":[{"href":"https:\/\/fomentculturacornella.cat\/index.php\/wp-json\/wp\/v2\/media?parent=652"}],"wp:term":[{"taxonomy":"category","embeddable":true,"href":"https:\/\/fomentculturacornella.cat\/index.php\/wp-json\/wp\/v2\/categories?post=652"},{"taxonomy":"post_tag","embeddable":true,"href":"https:\/\/fomentculturacornella.cat\/index.php\/wp-json\/wp\/v2\/tags?post=652"}],"curies":[{"name":"wp","href":"https:\/\/api.w.org\/{rel}","templated":true}]}}