{"id":663,"date":"2019-03-28T10:25:24","date_gmt":"2019-03-28T09:25:24","guid":{"rendered":"http:\/\/fomentculturacornella.cat\/index.php\/2019\/03\/28\/bestiuari-2019\/"},"modified":"2019-08-06T17:28:28","modified_gmt":"2019-08-06T15:28:28","slug":"bestiuari-2019","status":"publish","type":"post","link":"https:\/\/fomentculturacornella.cat\/index.php\/2019\/03\/28\/bestiuari-2019\/","title":{"rendered":"Bestiuari 2019"},"content":{"rendered":"<p>El proper 6 d&#8217;abril els nostres Dracs de Cua participaran al Bestiuari, al barri de Sant Mart\u00ed de Proven\u00e7als de Barcelona.<\/p>\n<p>La trobada de b\u00e8sties ocupar\u00e0 tot el dia. Matinal amb b\u00e8sties de Barcelona i tarda-nit amb b\u00e8sties d&#8217;arreu. La trobada aplegar\u00e0 en total unes 55 colles.<\/p>\n<p>No us podeu perdre aquest esdeveniment tant especial!<\/p>\n<p><img data-attachment-id=\"661\" data-permalink=\"https:\/\/fomentculturacornella.cat\/fb_img_15537288576038375170389780084796\/\" data-orig-file=\"https:\/\/i0.wp.com\/fomentculturacornella.cat\/wp-content\/uploads\/2019\/03\/fb_img_15537288576038375170389780084796.jpg?fit=720%2C1280&amp;ssl=1\" data-orig-size=\"720,1280\" data-comments-opened=\"0\" data-image-meta=\"{&quot;aperture&quot;:&quot;0&quot;,&quot;credit&quot;:&quot;&quot;,&quot;camera&quot;:&quot;&quot;,&quot;caption&quot;:&quot;&quot;,&quot;created_timestamp&quot;:&quot;0&quot;,&quot;copyright&quot;:&quot;&quot;,&quot;focal_length&quot;:&quot;0&quot;,&quot;iso&quot;:&quot;0&quot;,&quot;shutter_speed&quot;:&quot;0&quot;,&quot;title&quot;:&quot;&quot;,&quot;orientation&quot;:&quot;0&quot;}\" data-image-title=\"fb_img_15537288576038375170389780084796.jpg\" data-image-description=\"\" data-image-caption=\"\" data-medium-file=\"https:\/\/i0.wp.com\/fomentculturacornella.cat\/wp-content\/uploads\/2019\/03\/fb_img_15537288576038375170389780084796.jpg?fit=169%2C300&amp;ssl=1\" data-large-file=\"https:\/\/i0.wp.com\/fomentculturacornella.cat\/wp-content\/uploads\/2019\/03\/fb_img_15537288576038375170389780084796.jpg?fit=576%2C1024&amp;ssl=1\" decoding=\"async\" loading=\"lazy\" src=\"https:\/\/i0.wp.com\/fomentculturacornella.cat\/wp-content\/uploads\/2019\/03\/fb_img_15537288576038375170389780084796.jpg?resize=720%2C1280&#038;ssl=1\" class=\"wp-image-661 alignnone size-full\" width=\"720\" height=\"1280\" data-temp-aztec-id=\"11073fa7-8ef5-43ff-b4ed-3db122d5d1b6\" srcset=\"https:\/\/i0.wp.com\/fomentculturacornella.cat\/wp-content\/uploads\/2019\/03\/fb_img_15537288576038375170389780084796.jpg?w=720&amp;ssl=1 720w, https:\/\/i0.wp.com\/fomentculturacornella.cat\/wp-content\/uploads\/2019\/03\/fb_img_15537288576038375170389780084796.jpg?resize=169%2C300&amp;ssl=1 169w, https:\/\/i0.wp.com\/fomentculturacornella.cat\/wp-content\/uploads\/2019\/03\/fb_img_15537288576038375170389780084796.jpg?resize=576%2C1024&amp;ssl=1 576w\" sizes=\"(max-width: 709px) 85vw, (max-width: 909px) 67vw, (max-width: 984px) 61vw, (max-width: 1362px) 45vw, 600px\" data-recalc-dims=\"1\" \/><\/p>\n<p><img data-attachment-id=\"662\" data-permalink=\"https:\/\/fomentculturacornella.cat\/img-20180725-wa00007358781180199099819\/\" data-orig-file=\"https:\/\/i0.wp.com\/fomentculturacornella.cat\/wp-content\/uploads\/2019\/03\/img-20180725-wa00007358781180199099819.jpg?fit=1024%2C910&amp;ssl=1\" data-orig-size=\"1024,910\" data-comments-opened=\"0\" data-image-meta=\"{&quot;aperture&quot;:&quot;0&quot;,&quot;credit&quot;:&quot;&quot;,&quot;camera&quot;:&quot;&quot;,&quot;caption&quot;:&quot;&quot;,&quot;created_timestamp&quot;:&quot;0&quot;,&quot;copyright&quot;:&quot;&quot;,&quot;focal_length&quot;:&quot;0&quot;,&quot;iso&quot;:&quot;0&quot;,&quot;shutter_speed&quot;:&quot;0&quot;,&quot;title&quot;:&quot;&quot;,&quot;orientation&quot;:&quot;0&quot;}\" data-image-title=\"img-20180725-wa00007358781180199099819.jpg\" data-image-description=\"\" data-image-caption=\"\" data-medium-file=\"https:\/\/i0.wp.com\/fomentculturacornella.cat\/wp-content\/uploads\/2019\/03\/img-20180725-wa00007358781180199099819.jpg?fit=300%2C267&amp;ssl=1\" data-large-file=\"https:\/\/i0.wp.com\/fomentculturacornella.cat\/wp-content\/uploads\/2019\/03\/img-20180725-wa00007358781180199099819.jpg?fit=840%2C746&amp;ssl=1\" decoding=\"async\" loading=\"lazy\" src=\"https:\/\/i0.wp.com\/fomentculturacornella.cat\/wp-content\/uploads\/2019\/03\/img-20180725-wa00007358781180199099819.jpg?resize=840%2C746&#038;ssl=1\" class=\"wp-image-662 alignnone size-full\" width=\"840\" height=\"746\" srcset=\"https:\/\/i0.wp.com\/fomentculturacornella.cat\/wp-content\/uploads\/2019\/03\/img-20180725-wa00007358781180199099819.jpg?w=1024&amp;ssl=1 1024w, https:\/\/i0.wp.com\/fomentculturacornella.cat\/wp-content\/uploads\/2019\/03\/img-20180725-wa00007358781180199099819.jpg?resize=300%2C267&amp;ssl=1 300w, https:\/\/i0.wp.com\/fomentculturacornella.cat\/wp-content\/uploads\/2019\/03\/img-20180725-wa00007358781180199099819.jpg?resize=768%2C683&amp;ssl=1 768w\" sizes=\"(max-width: 709px) 85vw, (max-width: 909px) 67vw, (max-width: 1362px) 62vw, 840px\" data-recalc-dims=\"1\" \/><\/p>\n","protected":false},"excerpt":{"rendered":"<p>El proper 6 d&#8217;abril els nostres Dracs de Cua participaran al Bestiuari, al barri de Sant Mart\u00ed de Proven\u00e7als de Barcelona. La trobada de b\u00e8sties ocupar\u00e0 tot el dia. Matinal amb b\u00e8sties de Barcelona i tarda-nit amb b\u00e8sties d&#8217;arreu. La trobada aplegar\u00e0 en total unes 55 colles. No us podeu perdre aquest esdeveniment tant especial!<\/p>\n","protected":false},"author":1,"featured_media":0,"comment_status":"closed","ping_status":"open","sticky":false,"template":"","format":"status","meta":{"jetpack_post_was_ever_published":false,"jetpack_publicize_message":"","jetpack_is_tweetstorm":false,"jetpack_publicize_feature_enabled":true,"jetpack_social_options":[]},"categories":[5,4],"tags":[],"jetpack_publicize_connections":[],"jetpack_featured_media_url":"","jetpack_sharing_enabled":true,"jetpack_shortlink":"https:\/\/wp.me\/p7uPvF-aH","jetpack-related-posts":[{"id":906,"url":"https:\/\/fomentculturacornella.cat\/index.php\/2021\/12\/11\/1a-trobada-de-besties-al-papiol\/","url_meta":{"origin":663,"position":0},"title":"1a Trobada de B\u00e8sties al Papiol","date":"11 de desembre de 2021","format":false,"excerpt":"Dissabte 11 de desembre de 2021 vam tenir el honor de participar a la 1a Trobada de B\u00e8sties del Papiol. Gr\u00e0cies al Grup de Diables del Papiol per convidar-nos i enhorabona. Esperem trobar-nos aviat! Galeria d'imatges","rel":"","context":"In &quot;Galeria de fotos i v\u00eddeos&quot;","img":{"alt_text":"","src":"https:\/\/i0.wp.com\/fomentculturacornella.cat\/wp-content\/uploads\/2021\/12\/IMG-20211211-WA0019.jpg?resize=350%2C200&ssl=1","width":350,"height":200},"classes":[]},{"id":207,"url":"https:\/\/fomentculturacornella.cat\/index.php\/2016\/06\/15\/xvii-trobada-de-besties-de-foc-castello-de-la-plana\/","url_meta":{"origin":663,"position":1},"title":"XVII Trobada de B\u00e8sties de Foc, Castell\u00f3 de la Plana","date":"15 de juny de 2016","format":"status","excerpt":"Els nostres Dracs i els nostres Tabalers van participar a la trobada de Castell\u00f3, que aquest anys feia un homenatge a Ramon Aumedes del taller Sarandaca, creador dels Dracs de la nostra entitat. Fotos de la Trobada \u00a0","rel":"","context":"In &quot;Sin categor\u00eda&quot;","img":{"alt_text":"","src":"","width":0,"height":0},"classes":[]},{"id":666,"url":"https:\/\/fomentculturacornella.cat\/index.php\/2019\/03\/31\/programa-bestiuari-2019\/","url_meta":{"origin":663,"position":2},"title":"Programa Bestiuari 2019","date":"31 de mar\u00e7 de 2019","format":"status","excerpt":"Aqu\u00ed teniu el programa del Bestiuari 2019 on podreu veure els nostres Dracs de Cua a m\u00e9s d'altres 50 i pico colles. Ser\u00e0 una gran festa de b\u00e8sties i cultura popular al Parc de Sant Mart\u00ed (Barcelona) Programa Bestiuari 2019","rel":"","context":"In &quot;Not\u00edcies Dracs i Diables&quot;","img":{"alt_text":"","src":"https:\/\/i0.wp.com\/fomentculturacornella.cat\/wp-content\/uploads\/2019\/03\/fb_img_15537288576031545695473481623274.jpg?resize=350%2C200","width":350,"height":200},"classes":[]},{"id":462,"url":"https:\/\/fomentculturacornella.cat\/index.php\/2017\/09\/25\/x-nit-infernal-2\/","url_meta":{"origin":663,"position":3},"title":"X Nit Infernal","date":"25 de setembre de 2017","format":"status","excerpt":"La nit del dissabte 23 de setembre va ser la m\u00e9s infernal que mai s'havia viscut abans a Cornell\u00e0 de Llobregat.\u00a0 Les portes de l'infern es van obrir per fer sortir als \u00e9ssers de l'infram\u00f3n: diables, dracs, dimonis, b\u00e8sties, percussi\u00f3 infernal,...... Si t'ho vas perdre, ho sentim. L'\u00fanic que podem\u2026","rel":"","context":"In &quot;Galeria de fotos i v\u00eddeos&quot;","img":{"alt_text":"","src":"https:\/\/i0.wp.com\/fomentculturacornella.cat\/wp-content\/uploads\/2017\/09\/DSCN4436.jpg?resize=350%2C200","width":350,"height":200},"classes":[]},{"id":473,"url":"https:\/\/fomentculturacornella.cat\/index.php\/2017\/10\/02\/dracs-i-diables-al-barri-pedro\/","url_meta":{"origin":663,"position":4},"title":"Dracs i Diables de Cua al barri Pedr\u00f3","date":"2 d'octubre de 2017","format":"status","excerpt":"Imatges dels nostres Dracs i Diables de Cua, amb el Tabalers de Cua, al correfoc de les festes del barri Pedr\u00f3 de Cornell\u00e0. Clica a la imatge per veure la galeria.","rel":"","context":"In &quot;Galeria de fotos i v\u00eddeos&quot;","img":{"alt_text":"","src":"https:\/\/i0.wp.com\/fomentculturacornella.cat\/wp-content\/uploads\/2017\/10\/DSCN4608-1024x683.jpg?resize=350%2C200","width":350,"height":200},"classes":[]},{"id":894,"url":"https:\/\/fomentculturacornella.cat\/index.php\/2021\/11\/19\/tabals-al-ii-supervalents-solidari\/","url_meta":{"origin":663,"position":5},"title":"Tabals i Dracs al II Supervalents Solidari","date":"19 de novembre de 2021","format":false,"excerpt":"Dissabte 20 de novembre tindr\u00e0 lloc el II Supervalents Solidari a la pla\u00e7a Sant Ildefons de Cornell\u00e0 de Llobregat. Hi serem all\u00e0 amb els nostres Tabals i Dracs. Us hi esperem! Galera d'imatges","rel":"","context":"In &quot;Not\u00edcies Dracs i Diables&quot;","img":{"alt_text":"","src":"https:\/\/i0.wp.com\/fomentculturacornella.cat\/wp-content\/uploads\/2021\/11\/IMG-20211105-WA0000.jpg?resize=350%2C200&ssl=1","width":350,"height":200},"classes":[]}],"_links":{"self":[{"href":"https:\/\/fomentculturacornella.cat\/index.php\/wp-json\/wp\/v2\/posts\/663"}],"collection":[{"href":"https:\/\/fomentculturacornella.cat\/index.php\/wp-json\/wp\/v2\/posts"}],"about":[{"href":"https:\/\/fomentculturacornella.cat\/index.php\/wp-json\/wp\/v2\/types\/post"}],"author":[{"embeddable":true,"href":"https:\/\/fomentculturacornella.cat\/index.php\/wp-json\/wp\/v2\/users\/1"}],"replies":[{"embeddable":true,"href":"https:\/\/fomentculturacornella.cat\/index.php\/wp-json\/wp\/v2\/comments?post=663"}],"version-history":[{"count":1,"href":"https:\/\/fomentculturacornella.cat\/index.php\/wp-json\/wp\/v2\/posts\/663\/revisions"}],"predecessor-version":[{"id":664,"href":"https:\/\/fomentculturacornella.cat\/index.php\/wp-json\/wp\/v2\/posts\/663\/revisions\/664"}],"wp:attachment":[{"href":"https:\/\/fomentculturacornella.cat\/index.php\/wp-json\/wp\/v2\/media?parent=663"}],"wp:term":[{"taxonomy":"category","embeddable":true,"href":"https:\/\/fomentculturacornella.cat\/index.php\/wp-json\/wp\/v2\/categories?post=663"},{"taxonomy":"post_tag","embeddable":true,"href":"https:\/\/fomentculturacornella.cat\/index.php\/wp-json\/wp\/v2\/tags?post=663"}],"curies":[{"name":"wp","href":"https:\/\/api.w.org\/{rel}","templated":true}]}}