{"id":891,"date":"2021-11-15T00:06:35","date_gmt":"2021-11-14T23:06:35","guid":{"rendered":"https:\/\/fomentculturacornella.cat\/?p=891"},"modified":"2021-11-15T00:08:08","modified_gmt":"2021-11-14T23:08:08","slug":"xiii-nit-infernal","status":"publish","type":"post","link":"https:\/\/fomentculturacornella.cat\/index.php\/2021\/11\/15\/xiii-nit-infernal\/","title":{"rendered":"XIII NIT INFERNAL"},"content":{"rendered":"\n<p>Diumenge 13 de novembre de 2021 va tenir lloc la XIII NIT Infernal organitzada per Cua de Drac amb la participaci\u00f3 de totes les seccions de Foment de Cultura Popular de Cornell\u00e0.<\/p>\n\n\n\n<p>Des de les 11 del mat\u00ed fins a les 14 la Pla\u00e7a de Catalunya de Cornell\u00e0 va esdevenir escenari de tallers infantils de tabals, diablets i capgrossos, complementats amb d&#8217;altres jocs i activitats.<\/p>\n\n\n\n<p>Els Gegants romans de Cornell\u00e0, la Fontsanta i el Cornelius van ballar al so de les gralles i tabals, la gegantona Mariana va remullar a alguns i algunes i el gegant\u00f3 del Mag Maginet va observar atentament a tots i totes els nens i nenes que es van apropar, fins i tot va ballar al ritme de la seva can\u00e7\u00f3!<\/p>\n\n\n\n<p>A la tarda els tabals petits i els Diablets de Cua, amb les colles infantils convidades van omplir la pla\u00e7a de ritme i pirot\u00e8cnia.<\/p>\n\n\n\n<p>A la nit, van prendre el relleu les colles de diables i tabals adults.<\/p>\n\n\n\n<p>Tamb\u00e9 van ballar i omplir la pla\u00e7a de foc els nostres Dracs de Cua i el Pollo del Prat.<\/p>\n\n\n\n<p>Si us ho vau perdre, podeu veure fotos i v\u00eddeos a aquest enlla\u00e7.<\/p>\n\n\n\n<p><a rel=\"noreferrer noopener\" href=\"https:\/\/photos.app.goo.gl\/p83hnDuPtNuzvCRs9\" target=\"_blank\">XIII NIT INFERNAL<\/a><\/p>\n\n\n\n<figure class=\"wp-block-image size-large\"><img data-attachment-id=\"890\" data-permalink=\"https:\/\/fomentculturacornella.cat\/img_20211113_112805-jpg\/\" data-orig-file=\"https:\/\/i0.wp.com\/fomentculturacornella.cat\/wp-content\/uploads\/2021\/11\/IMG_20211113_112805-scaled.jpg?fit=2560%2C1152&amp;ssl=1\" data-orig-size=\"2560,1152\" data-comments-opened=\"0\" data-image-meta=\"{&quot;aperture&quot;:&quot;2.2&quot;,&quot;credit&quot;:&quot;&quot;,&quot;camera&quot;:&quot;M2101K6G&quot;,&quot;caption&quot;:&quot;&quot;,&quot;created_timestamp&quot;:&quot;1636802886&quot;,&quot;copyright&quot;:&quot;&quot;,&quot;focal_length&quot;:&quot;1.65&quot;,&quot;iso&quot;:&quot;50&quot;,&quot;shutter_speed&quot;:&quot;0.0014306151645207&quot;,&quot;title&quot;:&quot;&quot;,&quot;orientation&quot;:&quot;1&quot;}\" data-image-title=\"IMG_20211113_112805.jpg\" data-image-description=\"\" data-image-caption=\"\" data-medium-file=\"https:\/\/i0.wp.com\/fomentculturacornella.cat\/wp-content\/uploads\/2021\/11\/IMG_20211113_112805-scaled.jpg?fit=300%2C135&amp;ssl=1\" data-large-file=\"https:\/\/i0.wp.com\/fomentculturacornella.cat\/wp-content\/uploads\/2021\/11\/IMG_20211113_112805-scaled.jpg?fit=840%2C378&amp;ssl=1\" decoding=\"async\" loading=\"lazy\" width=\"840\" height=\"378\" src=\"https:\/\/i0.wp.com\/fomentculturacornella.cat\/wp-content\/uploads\/2021\/11\/IMG_20211113_112805-scaled.jpg?resize=840%2C378&#038;ssl=1\" alt=\"\" class=\"wp-image-890\" srcset=\"https:\/\/i0.wp.com\/fomentculturacornella.cat\/wp-content\/uploads\/2021\/11\/IMG_20211113_112805-scaled.jpg?w=2560&amp;ssl=1 2560w, https:\/\/i0.wp.com\/fomentculturacornella.cat\/wp-content\/uploads\/2021\/11\/IMG_20211113_112805-scaled.jpg?resize=300%2C135&amp;ssl=1 300w, https:\/\/i0.wp.com\/fomentculturacornella.cat\/wp-content\/uploads\/2021\/11\/IMG_20211113_112805-scaled.jpg?resize=1024%2C461&amp;ssl=1 1024w, https:\/\/i0.wp.com\/fomentculturacornella.cat\/wp-content\/uploads\/2021\/11\/IMG_20211113_112805-scaled.jpg?resize=768%2C346&amp;ssl=1 768w, https:\/\/i0.wp.com\/fomentculturacornella.cat\/wp-content\/uploads\/2021\/11\/IMG_20211113_112805-scaled.jpg?resize=1536%2C691&amp;ssl=1 1536w, https:\/\/i0.wp.com\/fomentculturacornella.cat\/wp-content\/uploads\/2021\/11\/IMG_20211113_112805-scaled.jpg?resize=2048%2C922&amp;ssl=1 2048w, https:\/\/i0.wp.com\/fomentculturacornella.cat\/wp-content\/uploads\/2021\/11\/IMG_20211113_112805-scaled.jpg?resize=1200%2C540&amp;ssl=1 1200w, https:\/\/i0.wp.com\/fomentculturacornella.cat\/wp-content\/uploads\/2021\/11\/IMG_20211113_112805-scaled.jpg?w=1680&amp;ssl=1 1680w\" sizes=\"(max-width: 709px) 85vw, (max-width: 909px) 67vw, (max-width: 1362px) 62vw, 840px\" data-recalc-dims=\"1\" \/><\/figure>\n","protected":false},"excerpt":{"rendered":"<p>Diumenge 13 de novembre de 2021 va tenir lloc la XIII NIT Infernal organitzada per Cua de Drac amb la participaci\u00f3 de totes les seccions de Foment de Cultura Popular de Cornell\u00e0. Des de les 11 del mat\u00ed fins a les 14 la Pla\u00e7a de Catalunya de Cornell\u00e0 va esdevenir escenari de tallers infantils de &hellip; <a href=\"https:\/\/fomentculturacornella.cat\/index.php\/2021\/11\/15\/xiii-nit-infernal\/\" class=\"more-link\">Continua llegint <span class=\"screen-reader-text\">\u00abXIII NIT INFERNAL\u00bb<\/span><\/a><\/p>\n","protected":false},"author":1,"featured_media":0,"comment_status":"closed","ping_status":"open","sticky":false,"template":"","format":"standard","meta":{"jetpack_post_was_ever_published":false,"jetpack_publicize_message":"","jetpack_is_tweetstorm":false,"jetpack_publicize_feature_enabled":true,"jetpack_social_options":[]},"categories":[17],"tags":[25,8,20,27,24,21,7],"jetpack_publicize_connections":[],"jetpack_featured_media_url":"","jetpack_sharing_enabled":true,"jetpack_shortlink":"https:\/\/wp.me\/p7uPvF-en","jetpack-related-posts":[{"id":467,"url":"https:\/\/fomentculturacornella.cat\/index.php\/2017\/09\/28\/festes-de-sant-miquel-al-barri-pedro\/","url_meta":{"origin":891,"position":0},"title":"Festes de Sant Miquel al barri Pedr\u00f3","date":"28 de setembre de 2017","format":"status","excerpt":"Aquest divendres 29 comencem la nostra participaci\u00f3 a les festes del nostre barri, el Pedr\u00f3. A les 20:30 correfoc infantil amb els Diablets de Cua. A les 21:30 correfoc adult amb Cua de Drac i Diables de Cornell\u00e0. Dissabte a les 11:00 actuaci\u00f3 dels Petits Tabalers de Cua i a\u2026","rel":"","context":"In &quot;Noticies Diablets de Cua&quot;","img":{"alt_text":"","src":"","width":0,"height":0},"classes":[]},{"id":593,"url":"https:\/\/fomentculturacornella.cat\/index.php\/2018\/09\/28\/festes-del-barri-pedro\/","url_meta":{"origin":891,"position":1},"title":"Festes del barri Pedr\u00f3","date":"28 de setembre de 2018","format":"status","excerpt":"Recordeu que aquest cap de setmana tenen lloc les festes de Sant Miquel al barri Pedr\u00f3. Podreu veure el correfoc infantil amb Diablets de Cua i Tabals Petits de Cua a les 20:30 amb inici davant de l'Orfe\u00f3 Catalonia. El correfoc adult s'iniciar\u00e0 a les 21:30 al mateix lloc. Hi\u2026","rel":"","context":"In &quot;Sin categor\u00eda&quot;","img":{"alt_text":"","src":"https:\/\/i0.wp.com\/fomentculturacornella.cat\/wp-content\/uploads\/2018\/09\/img-20180923-wa00204300303130485510391.jpg?resize=350%2C200&ssl=1","width":350,"height":200},"classes":[]},{"id":399,"url":"https:\/\/fomentculturacornella.cat\/index.php\/2017\/06\/09\/xxii-trobada-gegantera-de-cornella-de-llobregat\/","url_meta":{"origin":891,"position":2},"title":"XXII Trobada Gegantera de Cornell\u00e0 de Llobregat","date":"9 de juny de 2017","format":"status","excerpt":"Dissabte 10 de juny a partir de les 11:00 i fins les 13:30 podreu gaudir d'un mat\u00ed ple d'activitats gegants. A la Pla\u00e7a de l'Esgl\u00e9sia de Cornell\u00e0 trobareu activitats per a tota la fam\u00edlia: jocs, contes, animaci\u00f3 musical i sorpreses. A la tarda a partir de les 17:00 comen\u00e7aran a\u2026","rel":"","context":"In &quot;Not\u00edcies Geganters, gralles i tabals de gegants&quot;","img":{"alt_text":"","src":"https:\/\/i0.wp.com\/fomentculturacornella.cat\/wp-content\/uploads\/2017\/05\/DSCN1267.jpg?resize=350%2C200","width":350,"height":200},"classes":[]},{"id":394,"url":"https:\/\/fomentculturacornella.cat\/index.php\/2017\/06\/04\/bateig-dels-diablets-de-cua\/","url_meta":{"origin":891,"position":3},"title":"Bateig dels Diablets de Cua","date":"4 de juny de 2017","format":"status","excerpt":"El 27 de maig van ser presentats a la ciutat de Cornell\u00e0 els Diablets de Cua, la colla de diables i diablesses infantil de Cua de Drac (Foment de Cultura Popular de Cornell\u00e0). Van ser apadrinats per la Companyia General del Foc de Gav\u00e0 i com a colles infantils convidades\u2026","rel":"","context":"In &quot;Galeria de fotos i v\u00eddeos&quot;","img":{"alt_text":"","src":"https:\/\/i0.wp.com\/fomentculturacornella.cat\/wp-content\/uploads\/2017\/06\/DSCN2371-1024x768.jpg?resize=350%2C200","width":350,"height":200},"classes":[]},{"id":418,"url":"https:\/\/fomentculturacornella.cat\/index.php\/2017\/08\/28\/x-nit-infernal\/","url_meta":{"origin":891,"position":4},"title":"X NIT INFERNAL","date":"28 d'agost de 2017","format":"status","excerpt":"Les nostres seccions de foc i tabals ja comencen a treballar a la X Nit Infernal i III Tabalada de Cua. El lloc de celebraci\u00f3 ser\u00e0 la Pla\u00e7a de Catalunya de la nostra poblaci\u00f3, Cornell\u00e0 de Llobregat . Us esperem el dissabte 23 de setembre de 2017, en horari de\u2026","rel":"","context":"In &quot;Noticies Diablets de Cua&quot;","img":{"alt_text":"","src":"https:\/\/i0.wp.com\/fomentculturacornella.cat\/wp-content\/uploads\/2017\/08\/wp-image-1680075570.jpg?fit=705%2C900&ssl=1&resize=350%2C200","width":350,"height":200},"classes":[]},{"id":378,"url":"https:\/\/fomentculturacornella.cat\/index.php\/2017\/05\/14\/divendres-19-i-dissabte-20-de-maig-ens-veiem-al-barri-riera-de-cornella\/","url_meta":{"origin":891,"position":5},"title":"Divendres 19 i dissabte 20 de maig ens veiem al Barri Riera de Cornell\u00e0","date":"14 de maig de 2017","format":"status","excerpt":"Divendres 19 els nostres Diables i Diablesses de Cua, amb Tabalers de Cua actuen al correfoc del Barri Riera de Cornell\u00e0 de Llobregat. Comencen a les 20:30 amb els Tabalers i a les 21:00 arrenca el correfoc, tot davant de l'Associaci\u00f3 de Ve\u00efns del barri, al carrer Sant Jeroni. Dissabte\u2026","rel":"","context":"In &quot;Not\u00edcies Dracs i Diables&quot;","img":{"alt_text":"","src":"https:\/\/i0.wp.com\/fomentculturacornella.cat\/wp-content\/uploads\/2017\/05\/riera.jpg?resize=350%2C200","width":350,"height":200},"classes":[]}],"_links":{"self":[{"href":"https:\/\/fomentculturacornella.cat\/index.php\/wp-json\/wp\/v2\/posts\/891"}],"collection":[{"href":"https:\/\/fomentculturacornella.cat\/index.php\/wp-json\/wp\/v2\/posts"}],"about":[{"href":"https:\/\/fomentculturacornella.cat\/index.php\/wp-json\/wp\/v2\/types\/post"}],"author":[{"embeddable":true,"href":"https:\/\/fomentculturacornella.cat\/index.php\/wp-json\/wp\/v2\/users\/1"}],"replies":[{"embeddable":true,"href":"https:\/\/fomentculturacornella.cat\/index.php\/wp-json\/wp\/v2\/comments?post=891"}],"version-history":[{"count":1,"href":"https:\/\/fomentculturacornella.cat\/index.php\/wp-json\/wp\/v2\/posts\/891\/revisions"}],"predecessor-version":[{"id":892,"href":"https:\/\/fomentculturacornella.cat\/index.php\/wp-json\/wp\/v2\/posts\/891\/revisions\/892"}],"wp:attachment":[{"href":"https:\/\/fomentculturacornella.cat\/index.php\/wp-json\/wp\/v2\/media?parent=891"}],"wp:term":[{"taxonomy":"category","embeddable":true,"href":"https:\/\/fomentculturacornella.cat\/index.php\/wp-json\/wp\/v2\/categories?post=891"},{"taxonomy":"post_tag","embeddable":true,"href":"https:\/\/fomentculturacornella.cat\/index.php\/wp-json\/wp\/v2\/tags?post=891"}],"curies":[{"name":"wp","href":"https:\/\/api.w.org\/{rel}","templated":true}]}}