{"id":954,"date":"2022-12-18T10:32:24","date_gmt":"2022-12-18T09:32:24","guid":{"rendered":"https:\/\/fomentculturacornella.cat\/?p=954"},"modified":"2022-12-18T10:38:20","modified_gmt":"2022-12-18T09:38:20","slug":"recollida-joguines-creu-roja-2022","status":"publish","type":"post","link":"https:\/\/fomentculturacornella.cat\/index.php\/2022\/12\/18\/recollida-joguines-creu-roja-2022\/","title":{"rendered":"Recollida Joguines Creu Roja 2022"},"content":{"rendered":"\n<p>Dissabte 17 de desembre vam col\u00b7laborar amb Creu Roja de Cornell\u00e0 de Llobregat a la recollida de joguines.<\/p>\n\n\n\n<p class=\"has-vivid-red-color has-text-color\"><a href=\"https:\/\/photos.app.goo.gl\/L9AQVm7Uve1KkWoi8\" target=\"_blank\" rel=\"noreferrer noopener\">RECOLLIDA JOGUINES CREU ROJA <\/a><\/p>\n","protected":false},"excerpt":{"rendered":"<p>Dissabte 17 de desembre vam col\u00b7laborar amb Creu Roja de Cornell\u00e0 de Llobregat a la recollida de joguines. RECOLLIDA JOGUINES CREU ROJA<\/p>\n","protected":false},"author":1,"featured_media":0,"comment_status":"closed","ping_status":"open","sticky":false,"template":"","format":"standard","meta":{"jetpack_post_was_ever_published":false,"jetpack_publicize_message":"","jetpack_is_tweetstorm":false,"jetpack_publicize_feature_enabled":true,"jetpack_social_options":[]},"categories":[17,5,3,4],"tags":[8,24,6,21,35,33],"jetpack_publicize_connections":[],"jetpack_featured_media_url":"","jetpack_sharing_enabled":true,"jetpack_shortlink":"https:\/\/wp.me\/p7uPvF-fo","jetpack-related-posts":[{"id":293,"url":"https:\/\/fomentculturacornella.cat\/index.php\/2017\/04\/15\/actes-de-la-25a-jordiada\/","url_meta":{"origin":954,"position":0},"title":"Actes de la 25a Jordiada","date":"15 d'abril de 2017","format":"status","excerpt":"Ja tenim a tocar la 25a Jordiada. Consulteu totes les activitats al programa oficial i tamb\u00e9 a la p\u00e0gina Qu\u00e8 fer a Cornell\u00e0.","rel":"","context":"In &quot;Not\u00edcies Dracs i Diables&quot;","img":{"alt_text":"","src":"https:\/\/i0.wp.com\/fomentculturacornella.cat\/wp-content\/uploads\/2017\/04\/jordiada-gegants.jpg?resize=350%2C200","width":350,"height":200},"classes":[]},{"id":238,"url":"https:\/\/fomentculturacornella.cat\/index.php\/2017\/02\/26\/carnaval-2017-a-cornella\/","url_meta":{"origin":954,"position":1},"title":"Carnaval 2017 a Cornell\u00e0","date":"26 de febrer de 2017","format":"status","excerpt":"Aquest any m\u00e9s de 60 membres de Foment de Cultura han participat a la rua de Carnestoltes de Cornell\u00e0 de Llobregat amb una comparsa anomenada \"Els amics del Maginet\". Ha estat una bonica manera de donar-li la benvinguda a la colla al seu gegant\u00f3. Fotos Carnestoltes 2017","rel":"","context":"In &quot;Not\u00edcies Dracs i Diables&quot;","img":{"alt_text":"","src":"","width":0,"height":0},"classes":[]},{"id":477,"url":"https:\/\/fomentculturacornella.cat\/index.php\/2017\/10\/02\/cercavila-festes-del-barri-pedro\/","url_meta":{"origin":954,"position":2},"title":"Cercavila festes del barri Pedr\u00f3","date":"2 d'octubre de 2017","format":"status","excerpt":"El nostre Drac d'aigua, els Tabalers de Cua, els Geganters\/es de Cornell\u00e0 i les gralles i tabals de gegants van sortir, sense por a la pluja, a animar el barri del Pedr\u00f3. Clica la imatge per veure la galeria.","rel":"","context":"In &quot;Galeria de fotos i v\u00eddeos&quot;","img":{"alt_text":"","src":"https:\/\/i0.wp.com\/fomentculturacornella.cat\/wp-content\/uploads\/2017\/10\/DSCN4698.jpg?resize=350%2C200","width":350,"height":200},"classes":[]},{"id":378,"url":"https:\/\/fomentculturacornella.cat\/index.php\/2017\/05\/14\/divendres-19-i-dissabte-20-de-maig-ens-veiem-al-barri-riera-de-cornella\/","url_meta":{"origin":954,"position":3},"title":"Divendres 19 i dissabte 20 de maig ens veiem al Barri Riera de Cornell\u00e0","date":"14 de maig de 2017","format":"status","excerpt":"Divendres 19 els nostres Diables i Diablesses de Cua, amb Tabalers de Cua actuen al correfoc del Barri Riera de Cornell\u00e0 de Llobregat. Comencen a les 20:30 amb els Tabalers i a les 21:00 arrenca el correfoc, tot davant de l'Associaci\u00f3 de Ve\u00efns del barri, al carrer Sant Jeroni. Dissabte\u2026","rel":"","context":"In &quot;Not\u00edcies Dracs i Diables&quot;","img":{"alt_text":"","src":"https:\/\/i0.wp.com\/fomentculturacornella.cat\/wp-content\/uploads\/2017\/05\/riera.jpg?resize=350%2C200","width":350,"height":200},"classes":[]},{"id":501,"url":"https:\/\/fomentculturacornella.cat\/index.php\/2017\/12\/22\/santa-llucia-cornella-2017\/","url_meta":{"origin":954,"position":4},"title":"Santa Ll\u00facia Cornell\u00e0 2017","date":"22 de desembre de 2017","format":"status","excerpt":"Imatges de la nostra participaci\u00f3 a la Fira de Santa Ll\u00facia de Cornell\u00e0, organitzada per Crear Cornell\u00e0. Recaptaci\u00f3 donada a la Marat\u00f3 de TV3. .","rel":"","context":"In &quot;Galeria de fotos i v\u00eddeos&quot;","img":{"alt_text":"","src":"","width":0,"height":0},"classes":[]},{"id":724,"url":"https:\/\/fomentculturacornella.cat\/index.php\/2019\/06\/23\/populari-2019\/","url_meta":{"origin":954,"position":5},"title":"Populari 2019","date":"23 de juny de 2019","format":"status","excerpt":"Petit recull d'imatges del Populari de Corpus de Cornell\u00e0 2019","rel":"","context":"In &quot;Galeria de fotos i v\u00eddeos&quot;","img":{"alt_text":"","src":"https:\/\/i0.wp.com\/fomentculturacornella.cat\/wp-content\/uploads\/2019\/06\/dscn95536490195177427230227.jpg?resize=350%2C200&ssl=1","width":350,"height":200},"classes":[]}],"_links":{"self":[{"href":"https:\/\/fomentculturacornella.cat\/index.php\/wp-json\/wp\/v2\/posts\/954"}],"collection":[{"href":"https:\/\/fomentculturacornella.cat\/index.php\/wp-json\/wp\/v2\/posts"}],"about":[{"href":"https:\/\/fomentculturacornella.cat\/index.php\/wp-json\/wp\/v2\/types\/post"}],"author":[{"embeddable":true,"href":"https:\/\/fomentculturacornella.cat\/index.php\/wp-json\/wp\/v2\/users\/1"}],"replies":[{"embeddable":true,"href":"https:\/\/fomentculturacornella.cat\/index.php\/wp-json\/wp\/v2\/comments?post=954"}],"version-history":[{"count":1,"href":"https:\/\/fomentculturacornella.cat\/index.php\/wp-json\/wp\/v2\/posts\/954\/revisions"}],"predecessor-version":[{"id":955,"href":"https:\/\/fomentculturacornella.cat\/index.php\/wp-json\/wp\/v2\/posts\/954\/revisions\/955"}],"wp:attachment":[{"href":"https:\/\/fomentculturacornella.cat\/index.php\/wp-json\/wp\/v2\/media?parent=954"}],"wp:term":[{"taxonomy":"category","embeddable":true,"href":"https:\/\/fomentculturacornella.cat\/index.php\/wp-json\/wp\/v2\/categories?post=954"},{"taxonomy":"post_tag","embeddable":true,"href":"https:\/\/fomentculturacornella.cat\/index.php\/wp-json\/wp\/v2\/tags?post=954"}],"curies":[{"name":"wp","href":"https:\/\/api.w.org\/{rel}","templated":true}]}}